{"id":11566,"date":"2025-02-02T16:55:35","date_gmt":"2025-02-02T15:55:35","guid":{"rendered":"https:\/\/www.chapelle-sainte-rita.com\/st-malo-police-academy\/"},"modified":"2025-03-13T11:36:34","modified_gmt":"2025-03-13T10:36:34","slug":"st-malo-police-academy","status":"publish","type":"post","link":"https:\/\/www.chapelle-sainte-rita.com\/en\/st-malo-police-academy\/","title":{"rendered":"St-Malo Police Academy"},"content":{"rendered":"\t\t<div data-elementor-type=\"wp-post\" data-elementor-id=\"11566\" class=\"elementor elementor-11566 elementor-10552\" data-elementor-post-type=\"post\">\n\t\t\t\t<div class=\"elementor-element elementor-element-6021998 e-flex e-con-boxed e-con e-parent\" data-id=\"6021998\" data-element_type=\"container\" data-e-type=\"container\">\n\t\t\t\t\t<div class=\"e-con-inner\">\n\t\t\t\t<div class=\"elementor-element elementor-element-2efa16ca elementor-widget elementor-widget-text-editor\" data-id=\"2efa16ca\" data-element_type=\"widget\" data-e-type=\"widget\" data-widget_type=\"text-editor.default\">\n\t\t\t\t<div class=\"elementor-widget-container\">\n\t\t\t\t\t\t\t\t\t<p>The members of the training team from this prestigious school came to visit us to share a fraternal moment and relive the atmosphere they experienced last summer at our establishment. At the beginning of 2024, the French Ministry of the Interior asked us to provide accommodation for more than 85 police students and their supervisory staff, in order to ensure and coordinate security for the Paris Olympic Games, along with all the other French law enforcement agencies. And, as for our &#8220;hosts&#8221;, the Olympic Village.  <\/p>\n<p>This weekend&#8217;s trip to the Paris region was intended to be a time for reunion, sharing the events that have marked the lives of each and every one of us, and sharing in a significant spiritual way when we all took part in the Mass of the &#8220;Presentation of the Lord in the Temple&#8221;. The visit to Notre-Dame Cathedral on Saturday was an occasion for &#8220;holy&#8221; emotion, not to mention a legitimate sense of wonder at the grandeur of God and his transcendence, and the genius of Man expressed in this concert of aestheticism.   <\/p>\n\t\t\t\t\t\t\t\t<\/div>\n\t\t\t\t<\/div>\n\t\t\t\t<div class=\"elementor-element elementor-element-72fa8d5 elementor-widget elementor-widget-image\" data-id=\"72fa8d5\" data-element_type=\"widget\" data-e-type=\"widget\" data-widget_type=\"image.default\">\n\t\t\t\t<div class=\"elementor-widget-container\">\n\t\t\t\t\t\t\t\t\t\t\t\t\t\t\t<img fetchpriority=\"high\" decoding=\"async\" width=\"800\" height=\"450\" src=\"https:\/\/www.chapelle-sainte-rita.com\/wp-content\/uploads\/2025\/02\/IMG-20250203-WA0001-1024x576.jpg\" class=\"attachment-large size-large wp-image-10602\" alt=\"\" srcset=\"https:\/\/www.chapelle-sainte-rita.com\/wp-content\/uploads\/2025\/02\/IMG-20250203-WA0001-1024x576.jpg 1024w, https:\/\/www.chapelle-sainte-rita.com\/wp-content\/uploads\/2025\/02\/IMG-20250203-WA0001-300x169.jpg 300w, https:\/\/www.chapelle-sainte-rita.com\/wp-content\/uploads\/2025\/02\/IMG-20250203-WA0001-768x432.jpg 768w, https:\/\/www.chapelle-sainte-rita.com\/wp-content\/uploads\/2025\/02\/IMG-20250203-WA0001-1536x864.jpg 1536w, https:\/\/www.chapelle-sainte-rita.com\/wp-content\/uploads\/2025\/02\/IMG-20250203-WA0001.jpg 1600w\" sizes=\"(max-width: 800px) 100vw, 800px\" \/>\t\t\t\t\t\t\t\t\t\t\t\t\t\t\t<\/div>\n\t\t\t\t<\/div>\n\t\t\t\t<div class=\"elementor-element elementor-element-e863013 elementor-widget elementor-widget-text-editor\" data-id=\"e863013\" data-element_type=\"widget\" data-e-type=\"widget\" data-widget_type=\"text-editor.default\">\n\t\t\t\t<div class=\"elementor-widget-container\">\n\t\t\t\t\t\t\t\t\t<p>The visit of these people from Saint Malo shows that friendship transcends everything &#8211; everyone&#8217;s occupations and the distance they have to travel &#8211; while allowing the present to look to the future, with other projects planned for next spring or summer. We&#8217;re even thinking of a possible pilgrimage to Rome. <\/p>\n<p>We renew our joy in knowing them and sharing with them our common desire to create an ever more humane humanity. There&#8217;s no doubt that they embody their motto: &nbsp;<strong><em>&#8220;Always faithful<\/em><\/strong>.<\/p>\t\t\t\t\t\t\t\t<\/div>\n\t\t\t\t<\/div>\n\t\t\t\t<div class=\"elementor-element elementor-element-6e06797 elementor-widget elementor-widget-image\" data-id=\"6e06797\" data-element_type=\"widget\" data-e-type=\"widget\" data-widget_type=\"image.default\">\n\t\t\t\t<div class=\"elementor-widget-container\">\n\t\t\t\t\t\t\t\t\t\t\t\t\t\t\t<img decoding=\"async\" width=\"447\" height=\"298\" src=\"https:\/\/www.chapelle-sainte-rita.com\/wp-content\/uploads\/2025\/02\/DSCF9327.jpg\" class=\"attachment-large size-large wp-image-10564\" alt=\"\" srcset=\"https:\/\/www.chapelle-sainte-rita.com\/wp-content\/uploads\/2025\/02\/DSCF9327.jpg 447w, https:\/\/www.chapelle-sainte-rita.com\/wp-content\/uploads\/2025\/02\/DSCF9327-300x200.jpg 300w\" sizes=\"(max-width: 447px) 100vw, 447px\" \/>\t\t\t\t\t\t\t\t\t\t\t\t\t\t\t<\/div>\n\t\t\t\t<\/div>\n\t\t\t\t<div class=\"elementor-element elementor-element-e1bb4bc elementor-widget elementor-widget-image\" data-id=\"e1bb4bc\" data-element_type=\"widget\" data-e-type=\"widget\" data-widget_type=\"image.default\">\n\t\t\t\t<div class=\"elementor-widget-container\">\n\t\t\t\t\t\t\t\t\t\t\t\t\t\t\t<img decoding=\"async\" width=\"800\" height=\"600\" src=\"https:\/\/www.chapelle-sainte-rita.com\/wp-content\/uploads\/2025\/02\/WhatsApp-Image-2025-02-02-a-13.12.46_bfbe10f0-1024x768.jpg\" class=\"attachment-large size-large wp-image-10554\" alt=\"\" srcset=\"https:\/\/www.chapelle-sainte-rita.com\/wp-content\/uploads\/2025\/02\/WhatsApp-Image-2025-02-02-a-13.12.46_bfbe10f0-1024x768.jpg 1024w, https:\/\/www.chapelle-sainte-rita.com\/wp-content\/uploads\/2025\/02\/WhatsApp-Image-2025-02-02-a-13.12.46_bfbe10f0-300x225.jpg 300w, https:\/\/www.chapelle-sainte-rita.com\/wp-content\/uploads\/2025\/02\/WhatsApp-Image-2025-02-02-a-13.12.46_bfbe10f0-768x576.jpg 768w, https:\/\/www.chapelle-sainte-rita.com\/wp-content\/uploads\/2025\/02\/WhatsApp-Image-2025-02-02-a-13.12.46_bfbe10f0-1536x1152.jpg 1536w, https:\/\/www.chapelle-sainte-rita.com\/wp-content\/uploads\/2025\/02\/WhatsApp-Image-2025-02-02-a-13.12.46_bfbe10f0.jpg 1600w\" sizes=\"(max-width: 800px) 100vw, 800px\" \/>\t\t\t\t\t\t\t\t\t\t\t\t\t\t\t<\/div>\n\t\t\t\t<\/div>\n\t\t\t\t<div class=\"elementor-element elementor-element-365e01c elementor-widget elementor-widget-text-editor\" data-id=\"365e01c\" data-element_type=\"widget\" data-e-type=\"widget\" data-widget_type=\"text-editor.default\">\n\t\t\t\t<div class=\"elementor-widget-container\">\n\t\t\t\t\t\t\t\t\t<p>Here is some information about this police academy, which you can also find on their website.<\/p>\n\t\t\t\t\t\t\t\t<\/div>\n\t\t\t\t<\/div>\n\t\t\t\t<div class=\"elementor-element elementor-element-cba5e84 elementor-widget elementor-widget-text-editor\" data-id=\"cba5e84\" data-element_type=\"widget\" data-e-type=\"widget\" data-widget_type=\"text-editor.default\">\n\t\t\t\t<div class=\"elementor-widget-container\">\n\t\t\t\t\t\t\t\t\t<h2 id=\"situation-geographique\" class=\"wp-block-heading\">Geographical location<\/h2>\n<p><\/p>\n<p>The Saint-Malo National Police Academy (ENP) is the only police academy in Brittany. It is located on a 3.8-hectare site shared with the sub-prefecture and police station of Saint-Malo, close to the &#8220;intra-muros&#8221; and the beaches of the Emerald Coast. <\/p>\n<p><\/p>\n<h2 id=\"historique\" class=\"wp-block-heading\">History<\/h2>\n<p><\/p>\n<p>Since March 10, 1988, ENP Saint-Malo has been housed in buildings previously occupied by the 47th infantry regiment. A member of the network of 9 ENP in mainland France, and part of the Acad\u00e9mie de Police, it provides initial training for gardiens de la paix, deputy police officers and cadets de la R\u00e9publique. <\/p>\n<p><\/p>\n<h2 id=\"activite\" class=\"wp-block-heading\">Activity<\/h2>\n<p><\/p>\n<p>The ENP&#8217;s flexible organization enables it to provide both initial training and practical courses for police personnel.<\/p>\n<p><\/p>\n<h3 id=\"la-formation-initiale\" class=\"wp-block-heading\">Initial training<\/h3>\n<p><\/p>\n<ul class=\"wp-block-list\">\n<li style=\"list-style-type: none;\">\n<ul class=\"wp-block-list\"><\/ul>\n<\/li>\n<\/ul>\n<ul class=\"wp-block-list\">\n<li style=\"list-style-type: none;\">\n<ul class=\"wp-block-list\">\n<li>peacekeeper students;<\/li>\n<\/ul>\n<\/li>\n<\/ul>\n<p><\/p>\n<ul class=\"wp-block-list\">\n<li style=\"list-style-type: none;\">\n<ul class=\"wp-block-list\">\n<li>assistant police officers ;<\/li>\n<\/ul>\n<\/li>\n<\/ul>\n<p><\/p>\n<ul class=\"wp-block-list\">\n<li style=\"list-style-type: none;\">\n<ul class=\"wp-block-list\">\n<li>cadets of the Republic.<\/li>\n<\/ul>\n<\/li>\n<\/ul>\n<p><\/p>\n<p><\/p>\n<h3 id=\"formation-continue-et-partenariats\" class=\"wp-block-heading\">Continuing education and partnerships<\/h3>\n<p><\/p>\n<p>Numerous partner services also call on the school for logistical support, such as the Gendarmerie Nationale, customs, the Office National pour la Chasse et la Faune Sauvage (ONFCS) for use of its shooting range, the Soci\u00e9t\u00e9 Nationale de Sauvetage en Mer (SNSM) for the provision of teaching rooms, and the Service D\u00e9partemental d&#8217;Incendie et de Sauvetage 35 for use of its equipment and simulation facilities.<\/p>\n<p><\/p>\n<p>The school regularly hosts a number of prestigious national courses organized by specialized services (DCPJ, RAID, DGSI, etc.), as well as international courses run by the French National Police&#8217;s International Cooperation Department.<\/p>\n<p><\/p>\n<p>The ENP also organizes special internships for<sup>3rd<\/sup> graders (company discovery internships), schoolchildren (professional BACs), students and their teachers (IUT &#8211; psychology &#8211; nursing training institute), healthcare executives, master&#8217;s students in criminology&#8230;<\/p>\n<p><\/p>\n<p><\/p>\n<p><\/p>\n<p><\/p>\t\t\t\t\t\t\t\t<\/div>\n\t\t\t\t<\/div>\n\t\t\t\t<div class=\"elementor-element elementor-element-fdd06e9 elementor-widget elementor-widget-image\" data-id=\"fdd06e9\" data-element_type=\"widget\" data-e-type=\"widget\" data-widget_type=\"image.default\">\n\t\t\t\t<div class=\"elementor-widget-container\">\n\t\t\t\t\t\t\t\t\t\t\t\t\t\t\t<img loading=\"lazy\" decoding=\"async\" width=\"400\" height=\"395\" src=\"https:\/\/www.chapelle-sainte-rita.com\/wp-content\/uploads\/2025\/02\/Blason-ENP-Saint-Malo.png\" class=\"attachment-large size-large wp-image-10568\" alt=\"\" srcset=\"https:\/\/www.chapelle-sainte-rita.com\/wp-content\/uploads\/2025\/02\/Blason-ENP-Saint-Malo.png 400w, https:\/\/www.chapelle-sainte-rita.com\/wp-content\/uploads\/2025\/02\/Blason-ENP-Saint-Malo-300x296.png 300w\" sizes=\"(max-width: 400px) 100vw, 400px\" \/>\t\t\t\t\t\t\t\t\t\t\t\t\t\t\t<\/div>\n\t\t\t\t<\/div>\n\t\t\t\t<div class=\"elementor-element elementor-element-157947d elementor-widget elementor-widget-text-editor\" data-id=\"157947d\" data-element_type=\"widget\" data-e-type=\"widget\" data-widget_type=\"text-editor.default\">\n\t\t\t\t<div class=\"elementor-widget-container\">\n\t\t\t\t\t\t\t\t\t<p><\/p>\n<h2 id=\"blason\" class=\"wp-block-heading\">Coat of arms<\/h2>\n<p><\/p>\n<p>The blue badge is surrounded by oak and laurel leaves symbolizing public strength and peace. In the center is the coat of arms of the city of Saint-Malo, Gules with a portcullis Or, surmounted by an ermine proper, the emblem of Brittany. The red recalls the color of the privateer&#8217;s flag. The dogs, muscular and strong, hold the portcullis that closes the city walls. Known as &#8220;watchdogs&#8221;, they were released at night on the shore to protect the city from looting ships. They rest on the silver headband inscribed with &#8220;<em>semper fidelis<\/em>&#8221; (always faithful), Saint-Malo&#8217;s motto for the loyalty of the city and its inhabitants to Breton values.     <\/p>\n<p><\/p>\n<p><\/p>\t\t\t\t\t\t\t\t<\/div>\n\t\t\t\t<\/div>\n\t\t\t\t<div class=\"elementor-element elementor-element-8759c3d elementor-widget elementor-widget-image\" data-id=\"8759c3d\" data-element_type=\"widget\" data-e-type=\"widget\" data-widget_type=\"image.default\">\n\t\t\t\t<div class=\"elementor-widget-container\">\n\t\t\t\t\t\t\t\t\t\t\t\t\t\t\t<img loading=\"lazy\" decoding=\"async\" width=\"311\" height=\"162\" src=\"https:\/\/www.chapelle-sainte-rita.com\/wp-content\/uploads\/2025\/02\/images.jpg\" class=\"attachment-large size-large wp-image-10560\" alt=\"\" srcset=\"https:\/\/www.chapelle-sainte-rita.com\/wp-content\/uploads\/2025\/02\/images.jpg 311w, https:\/\/www.chapelle-sainte-rita.com\/wp-content\/uploads\/2025\/02\/images-300x156.jpg 300w\" sizes=\"(max-width: 311px) 100vw, 311px\" \/>\t\t\t\t\t\t\t\t\t\t\t\t\t\t\t<\/div>\n\t\t\t\t<\/div>\n\t\t\t\t<div class=\"elementor-element elementor-element-1f9dc48 elementor-widget elementor-widget-image\" data-id=\"1f9dc48\" data-element_type=\"widget\" data-e-type=\"widget\" data-widget_type=\"image.default\">\n\t\t\t\t<div class=\"elementor-widget-container\">\n\t\t\t\t\t\t\t\t\t\t\t\t\t\t\t<img loading=\"lazy\" decoding=\"async\" width=\"640\" height=\"360\" src=\"https:\/\/www.chapelle-sainte-rita.com\/wp-content\/uploads\/2025\/02\/P1D3183162G.webp\" class=\"attachment-large size-large wp-image-10575\" alt=\"\" srcset=\"https:\/\/www.chapelle-sainte-rita.com\/wp-content\/uploads\/2025\/02\/P1D3183162G.webp 640w, https:\/\/www.chapelle-sainte-rita.com\/wp-content\/uploads\/2025\/02\/P1D3183162G-300x169.webp 300w\" sizes=\"(max-width: 640px) 100vw, 640px\" \/>\t\t\t\t\t\t\t\t\t\t\t\t\t\t\t<\/div>\n\t\t\t\t<\/div>\n\t\t\t\t\t<\/div>\n\t\t\t\t<\/div>\n\t\t\t\t<\/div>\n\t\t","protected":false},"excerpt":{"rendered":"<p>The members of the training team from this prestigious school came to visit us to share a fraternal moment and relive the atmosphere they experienced last summer at our establishment. At the beginning of 2024, the French Ministry of the Interior asked us to provide accommodation for more than 85 police students and their supervisory [&hellip;]<\/p>\n","protected":false},"author":1,"featured_media":10554,"comment_status":"closed","ping_status":"open","sticky":false,"template":"","format":"standard","meta":{"footnotes":""},"categories":[71],"tags":[],"class_list":["post-11566","post","type-post","status-publish","format-standard","has-post-thumbnail","hentry","category-news"],"_links":{"self":[{"href":"https:\/\/www.chapelle-sainte-rita.com\/en\/wp-json\/wp\/v2\/posts\/11566","targetHints":{"allow":["GET"]}}],"collection":[{"href":"https:\/\/www.chapelle-sainte-rita.com\/en\/wp-json\/wp\/v2\/posts"}],"about":[{"href":"https:\/\/www.chapelle-sainte-rita.com\/en\/wp-json\/wp\/v2\/types\/post"}],"author":[{"embeddable":true,"href":"https:\/\/www.chapelle-sainte-rita.com\/en\/wp-json\/wp\/v2\/users\/1"}],"replies":[{"embeddable":true,"href":"https:\/\/www.chapelle-sainte-rita.com\/en\/wp-json\/wp\/v2\/comments?post=11566"}],"version-history":[{"count":1,"href":"https:\/\/www.chapelle-sainte-rita.com\/en\/wp-json\/wp\/v2\/posts\/11566\/revisions"}],"predecessor-version":[{"id":11568,"href":"https:\/\/www.chapelle-sainte-rita.com\/en\/wp-json\/wp\/v2\/posts\/11566\/revisions\/11568"}],"wp:featuredmedia":[{"embeddable":true,"href":"https:\/\/www.chapelle-sainte-rita.com\/en\/wp-json\/wp\/v2\/media\/10554"}],"wp:attachment":[{"href":"https:\/\/www.chapelle-sainte-rita.com\/en\/wp-json\/wp\/v2\/media?parent=11566"}],"wp:term":[{"taxonomy":"category","embeddable":true,"href":"https:\/\/www.chapelle-sainte-rita.com\/en\/wp-json\/wp\/v2\/categories?post=11566"},{"taxonomy":"post_tag","embeddable":true,"href":"https:\/\/www.chapelle-sainte-rita.com\/en\/wp-json\/wp\/v2\/tags?post=11566"}],"curies":[{"name":"wp","href":"https:\/\/api.w.org\/{rel}","templated":true}]}}