{"id":11561,"date":"2025-02-02T16:55:35","date_gmt":"2025-02-02T15:55:35","guid":{"rendered":"https:\/\/www.chapelle-sainte-rita.com\/academia-de-policia-de-st-malo\/"},"modified":"2025-03-13T11:36:34","modified_gmt":"2025-03-13T10:36:34","slug":"academia-de-policia-de-st-malo","status":"publish","type":"post","link":"https:\/\/www.chapelle-sainte-rita.com\/es\/academia-de-policia-de-st-malo\/","title":{"rendered":"Academia de Polic\u00eda de St-Malo"},"content":{"rendered":"\t\t<div data-elementor-type=\"wp-post\" data-elementor-id=\"11561\" class=\"elementor elementor-11561 elementor-10552\" data-elementor-post-type=\"post\">\n\t\t\t\t<div class=\"elementor-element elementor-element-6021998 e-flex e-con-boxed e-con e-parent\" data-id=\"6021998\" data-element_type=\"container\" data-e-type=\"container\">\n\t\t\t\t\t<div class=\"e-con-inner\">\n\t\t\t\t<div class=\"elementor-element elementor-element-2efa16ca elementor-widget elementor-widget-text-editor\" data-id=\"2efa16ca\" data-element_type=\"widget\" data-e-type=\"widget\" data-widget_type=\"text-editor.default\">\n\t\t\t\t<div class=\"elementor-widget-container\">\n\t\t\t\t\t\t\t\t\t<p>Los miembros del equipo de formaci\u00f3n de esta prestigiosa escuela vinieron a visitarnos para compartir un momento fraternal y revivir el ambiente que vivieron el verano pasado en nuestro establecimiento. A principios de 2024, el Ministerio del Interior franc\u00e9s nos pidi\u00f3 que proporcion\u00e1ramos alojamiento a m\u00e1s de 85 estudiantes de polic\u00eda y a su personal de supervisi\u00f3n, para que pudieran trabajar con el resto de las fuerzas del orden francesas para garantizar la seguridad de los Juegos Ol\u00edmpicos de Par\u00eds. Y, por lo que respecta a nuestros \u00abanfitriones\u00bb, la Villa Ol\u00edmpica.  <\/p>\n<p>Este viaje de fin de semana a la regi\u00f3n de \u00cele-de-France pretend\u00eda ser una ocasi\u00f3n para reencontrarnos, hablar de los acontecimientos que han marcado la vida de cada uno de nosotros y compartir un momento espiritual significativo cuando todos participamos en la Misa de la Presentaci\u00f3n del Se\u00f1or en el Templo. La visita a la catedral de Notre-Dame, el s\u00e1bado, fue una ocasi\u00f3n de \u00absanta\u00bb emoci\u00f3n, sin olvidar el leg\u00edtimo sentimiento de asombro ante la grandeza de Dios y su trascendencia, y el genio del Hombre expresado en este concierto de est\u00e9tica.   <\/p>\n\t\t\t\t\t\t\t\t<\/div>\n\t\t\t\t<\/div>\n\t\t\t\t<div class=\"elementor-element elementor-element-72fa8d5 elementor-widget elementor-widget-image\" data-id=\"72fa8d5\" data-element_type=\"widget\" data-e-type=\"widget\" data-widget_type=\"image.default\">\n\t\t\t\t<div class=\"elementor-widget-container\">\n\t\t\t\t\t\t\t\t\t\t\t\t\t\t\t<img fetchpriority=\"high\" decoding=\"async\" width=\"800\" height=\"450\" src=\"https:\/\/www.chapelle-sainte-rita.com\/wp-content\/uploads\/2025\/02\/IMG-20250203-WA0001-1024x576.jpg\" class=\"attachment-large size-large wp-image-10604\" alt=\"\" srcset=\"https:\/\/www.chapelle-sainte-rita.com\/wp-content\/uploads\/2025\/02\/IMG-20250203-WA0001-1024x576.jpg 1024w, https:\/\/www.chapelle-sainte-rita.com\/wp-content\/uploads\/2025\/02\/IMG-20250203-WA0001-300x169.jpg 300w, https:\/\/www.chapelle-sainte-rita.com\/wp-content\/uploads\/2025\/02\/IMG-20250203-WA0001-768x432.jpg 768w, https:\/\/www.chapelle-sainte-rita.com\/wp-content\/uploads\/2025\/02\/IMG-20250203-WA0001-1536x864.jpg 1536w, https:\/\/www.chapelle-sainte-rita.com\/wp-content\/uploads\/2025\/02\/IMG-20250203-WA0001.jpg 1600w\" sizes=\"(max-width: 800px) 100vw, 800px\" \/>\t\t\t\t\t\t\t\t\t\t\t\t\t\t\t<\/div>\n\t\t\t\t<\/div>\n\t\t\t\t<div class=\"elementor-element elementor-element-e863013 elementor-widget elementor-widget-text-editor\" data-id=\"e863013\" data-element_type=\"widget\" data-e-type=\"widget\" data-widget_type=\"text-editor.default\">\n\t\t\t\t<div class=\"elementor-widget-container\">\n\t\t\t\t\t\t\t\t\t<p>La visita de estas personas de Saint Malo no hace sino demostrar que la amistad lo trasciende todo -las ocupaciones de cada uno y la distancia a recorrer-, al tiempo que permite mirar al futuro con otros proyectos previstos para la pr\u00f3xima primavera o verano. Incluso estamos pensando en una posible peregrinaci\u00f3n a Roma. <\/p>\n<p>Renovamos nuestra alegr\u00eda al conocerles y compartir con ellos nuestro deseo com\u00fan de crear una humanidad cada vez m\u00e1s humana. No cabe duda de que encarnan su lema: &nbsp;<strong><em>\u00abSiempre fiel<\/em><\/strong>.<\/p>\t\t\t\t\t\t\t\t<\/div>\n\t\t\t\t<\/div>\n\t\t\t\t<div class=\"elementor-element elementor-element-6e06797 elementor-widget elementor-widget-image\" data-id=\"6e06797\" data-element_type=\"widget\" data-e-type=\"widget\" data-widget_type=\"image.default\">\n\t\t\t\t<div class=\"elementor-widget-container\">\n\t\t\t\t\t\t\t\t\t\t\t\t\t\t\t<img decoding=\"async\" width=\"447\" height=\"298\" src=\"https:\/\/www.chapelle-sainte-rita.com\/wp-content\/uploads\/2025\/02\/DSCF9327.jpg\" class=\"attachment-large size-large wp-image-10566\" alt=\"\" srcset=\"https:\/\/www.chapelle-sainte-rita.com\/wp-content\/uploads\/2025\/02\/DSCF9327.jpg 447w, https:\/\/www.chapelle-sainte-rita.com\/wp-content\/uploads\/2025\/02\/DSCF9327-300x200.jpg 300w\" sizes=\"(max-width: 447px) 100vw, 447px\" \/>\t\t\t\t\t\t\t\t\t\t\t\t\t\t\t<\/div>\n\t\t\t\t<\/div>\n\t\t\t\t<div class=\"elementor-element elementor-element-e1bb4bc elementor-widget elementor-widget-image\" data-id=\"e1bb4bc\" data-element_type=\"widget\" data-e-type=\"widget\" data-widget_type=\"image.default\">\n\t\t\t\t<div class=\"elementor-widget-container\">\n\t\t\t\t\t\t\t\t\t\t\t\t\t\t\t<img decoding=\"async\" width=\"800\" height=\"600\" src=\"https:\/\/www.chapelle-sainte-rita.com\/wp-content\/uploads\/2025\/02\/WhatsApp-Image-2025-02-02-a-13.12.46_bfbe10f0-1024x768.jpg\" class=\"attachment-large size-large wp-image-10556\" alt=\"\" srcset=\"https:\/\/www.chapelle-sainte-rita.com\/wp-content\/uploads\/2025\/02\/WhatsApp-Image-2025-02-02-a-13.12.46_bfbe10f0-1024x768.jpg 1024w, https:\/\/www.chapelle-sainte-rita.com\/wp-content\/uploads\/2025\/02\/WhatsApp-Image-2025-02-02-a-13.12.46_bfbe10f0-300x225.jpg 300w, https:\/\/www.chapelle-sainte-rita.com\/wp-content\/uploads\/2025\/02\/WhatsApp-Image-2025-02-02-a-13.12.46_bfbe10f0-768x576.jpg 768w, https:\/\/www.chapelle-sainte-rita.com\/wp-content\/uploads\/2025\/02\/WhatsApp-Image-2025-02-02-a-13.12.46_bfbe10f0-1536x1152.jpg 1536w, https:\/\/www.chapelle-sainte-rita.com\/wp-content\/uploads\/2025\/02\/WhatsApp-Image-2025-02-02-a-13.12.46_bfbe10f0.jpg 1600w\" sizes=\"(max-width: 800px) 100vw, 800px\" \/>\t\t\t\t\t\t\t\t\t\t\t\t\t\t\t<\/div>\n\t\t\t\t<\/div>\n\t\t\t\t<div class=\"elementor-element elementor-element-365e01c elementor-widget elementor-widget-text-editor\" data-id=\"365e01c\" data-element_type=\"widget\" data-e-type=\"widget\" data-widget_type=\"text-editor.default\">\n\t\t\t\t<div class=\"elementor-widget-container\">\n\t\t\t\t\t\t\t\t\t<p>Aqu\u00ed tienes informaci\u00f3n sobre esta academia de polic\u00eda, que tambi\u00e9n puedes encontrar en su p\u00e1gina web.<\/p>\n\t\t\t\t\t\t\t\t<\/div>\n\t\t\t\t<\/div>\n\t\t\t\t<div class=\"elementor-element elementor-element-cba5e84 elementor-widget elementor-widget-text-editor\" data-id=\"cba5e84\" data-element_type=\"widget\" data-e-type=\"widget\" data-widget_type=\"text-editor.default\">\n\t\t\t\t<div class=\"elementor-widget-container\">\n\t\t\t\t\t\t\t\t\t<h2 id=\"situation-geographique\" class=\"wp-block-heading\">Localizaci\u00f3n geogr\u00e1fica<\/h2>\n<p><\/p>\n<p>La Escuela Nacional de Polic\u00eda (ENP) de Saint-Malo es la \u00fanica escuela de polic\u00eda de Breta\u00f1a. Est\u00e1 situada en un terreno de 3,8 hect\u00e1reas compartido con la subprefectura y la comisar\u00eda de Saint-Malo, cerca del centro de la ciudad y de las playas de la Costa Esmeralda. <\/p>\n<p><\/p>\n<h2 id=\"historique\" class=\"wp-block-heading\">Historia<\/h2>\n<p><\/p>\n<p>Desde el 10 de marzo de 1988, la ENP de Saint-Malo se aloja en edificios ocupados anteriormente por el 47\u00ba regimiento de infanter\u00eda. Miembro de la red de 9 ENP de la Francia metropolitana, e integrada en la Academia de Polic\u00eda, imparte formaci\u00f3n inicial a los agentes de mantenimiento de la paz, a los ayudantes de polic\u00eda y a los cadetes de la Rep\u00fablica. <\/p>\n<p><\/p>\n<h2 id=\"activite\" class=\"wp-block-heading\">Actividad<\/h2>\n<p><\/p>\n<p>La organizaci\u00f3n flexible de la PEV le permite impartir tanto formaci\u00f3n inicial como cursos pr\u00e1cticos para polic\u00edas.<\/p>\n<p><\/p>\n<h3 id=\"la-formation-initiale\" class=\"wp-block-heading\">Formaci\u00f3n inicial<\/h3>\n<p><\/p>\n<ul class=\"wp-block-list\">\n<li style=\"list-style-type: none;\">\n<ul class=\"wp-block-list\"><\/ul>\n<\/li>\n<\/ul>\n<ul class=\"wp-block-list\">\n<li style=\"list-style-type: none;\">\n<ul class=\"wp-block-list\">\n<li>para estudiantes pacificadores ;<\/li>\n<\/ul>\n<\/li>\n<\/ul>\n<p><\/p>\n<ul class=\"wp-block-list\">\n<li style=\"list-style-type: none;\">\n<ul class=\"wp-block-list\">\n<li>ayudantes de polic\u00eda ;<\/li>\n<\/ul>\n<\/li>\n<\/ul>\n<p><\/p>\n<ul class=\"wp-block-list\">\n<li style=\"list-style-type: none;\">\n<ul class=\"wp-block-list\">\n<li>cadetes de la Rep\u00fablica.<\/li>\n<\/ul>\n<\/li>\n<\/ul>\n<p><\/p>\n<p><\/p>\n<h3 id=\"formation-continue-et-partenariats\" class=\"wp-block-heading\">Formaci\u00f3n continua y asociaciones<\/h3>\n<p><\/p>\n<p>Numerosos servicios asociados tambi\u00e9n recurren a la escuela para apoyo log\u00edstico, como la Gendarmer\u00eda Nacional, el servicio de aduanas, la Oficina Nacional para la Caza y la Fauna Salvaje (ONFCS) para el uso de su campo de tiro, la Sociedad Nacional de Salvamento Mar\u00edtimo (SNSM) para el uso de salas de ense\u00f1anza, y el Servicio Departamental de Incendios y Salvamento 35, que utiliza sus equipos e instalaciones de simulaci\u00f3n.<\/p>\n<p><\/p>\n<p>La escuela acoge regularmente varios cursos nacionales de prestigio organizados por servicios especializados (DCPJ, RAID, DGSI, etc.), as\u00ed como cursos internacionales dirigidos por la Direcci\u00f3n de Cooperaci\u00f3n Internacional de la Polic\u00eda Nacional.<\/p>\n<p><\/p>\n<p>La ENP tambi\u00e9n organiza cursos especiales para estudiantes de<sup>3\u00ba<\/sup> curso (cursos de descubrimiento de empresas), escolares (BAC profesionales), estudiantes y sus profesores (IUT &#8211; instituto de formaci\u00f3n en psicolog\u00eda y enfermer\u00eda), gestores sanitarios, estudiantes de m\u00e1ster en criminolog\u00eda, etc.<\/p>\n<p><\/p>\n<p><\/p>\n<p><\/p>\n<p><\/p>\t\t\t\t\t\t\t\t<\/div>\n\t\t\t\t<\/div>\n\t\t\t\t<div class=\"elementor-element elementor-element-fdd06e9 elementor-widget elementor-widget-image\" data-id=\"fdd06e9\" data-element_type=\"widget\" data-e-type=\"widget\" data-widget_type=\"image.default\">\n\t\t\t\t<div class=\"elementor-widget-container\">\n\t\t\t\t\t\t\t\t\t\t\t\t\t\t\t<img loading=\"lazy\" decoding=\"async\" width=\"400\" height=\"395\" src=\"https:\/\/www.chapelle-sainte-rita.com\/wp-content\/uploads\/2025\/02\/Blason-ENP-Saint-Malo.png\" class=\"attachment-large size-large wp-image-10570\" alt=\"\" srcset=\"https:\/\/www.chapelle-sainte-rita.com\/wp-content\/uploads\/2025\/02\/Blason-ENP-Saint-Malo.png 400w, https:\/\/www.chapelle-sainte-rita.com\/wp-content\/uploads\/2025\/02\/Blason-ENP-Saint-Malo-300x296.png 300w\" sizes=\"(max-width: 400px) 100vw, 400px\" \/>\t\t\t\t\t\t\t\t\t\t\t\t\t\t\t<\/div>\n\t\t\t\t<\/div>\n\t\t\t\t<div class=\"elementor-element elementor-element-157947d elementor-widget elementor-widget-text-editor\" data-id=\"157947d\" data-element_type=\"widget\" data-e-type=\"widget\" data-widget_type=\"text-editor.default\">\n\t\t\t\t<div class=\"elementor-widget-container\">\n\t\t\t\t\t\t\t\t\t<p><\/p>\n<h2 id=\"blason\" class=\"wp-block-heading\">Escudo de armas<\/h2>\n<p><\/p>\n<p>La insignia tiene un fondo azul y est\u00e1 rodeada de hojas de roble y laurel que simbolizan la fuerza p\u00fablica y la paz. En el centro lleva el escudo de armas de la ciudad de Saint-Malo, de gules, con un baluarte de oro y un armi\u00f1o propio, emblema de Breta\u00f1a. El rojo recuerda el color de la ense\u00f1a corsaria. Los perros, cuya musculatura expresa fuerza, sostienen el rastrillo que cierra las murallas de la ciudad. Conocidos como \u00abperros guardianes\u00bb, se les soltaba en la orilla por la noche para proteger la ciudad de los barcos saqueadores. Descansan sobre la banda de plata con la inscripci\u00f3n<em>\u00absemper fidelis<\/em>\u00bb (siempre fieles), lema de Saint-Malo, que alude a la fidelidad de la ciudad y sus habitantes a los valores bretones.     <\/p>\n<p><\/p>\n<p><\/p>\t\t\t\t\t\t\t\t<\/div>\n\t\t\t\t<\/div>\n\t\t\t\t<div class=\"elementor-element elementor-element-8759c3d elementor-widget elementor-widget-image\" data-id=\"8759c3d\" data-element_type=\"widget\" data-e-type=\"widget\" data-widget_type=\"image.default\">\n\t\t\t\t<div class=\"elementor-widget-container\">\n\t\t\t\t\t\t\t\t\t\t\t\t\t\t\t<img loading=\"lazy\" decoding=\"async\" width=\"311\" height=\"162\" src=\"https:\/\/www.chapelle-sainte-rita.com\/wp-content\/uploads\/2025\/02\/images.jpg\" class=\"attachment-large size-large wp-image-10562\" alt=\"\" srcset=\"https:\/\/www.chapelle-sainte-rita.com\/wp-content\/uploads\/2025\/02\/images.jpg 311w, https:\/\/www.chapelle-sainte-rita.com\/wp-content\/uploads\/2025\/02\/images-300x156.jpg 300w\" sizes=\"(max-width: 311px) 100vw, 311px\" \/>\t\t\t\t\t\t\t\t\t\t\t\t\t\t\t<\/div>\n\t\t\t\t<\/div>\n\t\t\t\t<div class=\"elementor-element elementor-element-1f9dc48 elementor-widget elementor-widget-image\" data-id=\"1f9dc48\" data-element_type=\"widget\" data-e-type=\"widget\" data-widget_type=\"image.default\">\n\t\t\t\t<div class=\"elementor-widget-container\">\n\t\t\t\t\t\t\t\t\t\t\t\t\t\t\t<img loading=\"lazy\" decoding=\"async\" width=\"640\" height=\"360\" src=\"https:\/\/www.chapelle-sainte-rita.com\/wp-content\/uploads\/2025\/02\/P1D3183162G.webp\" class=\"attachment-large size-large wp-image-10577\" alt=\"\" srcset=\"https:\/\/www.chapelle-sainte-rita.com\/wp-content\/uploads\/2025\/02\/P1D3183162G.webp 640w, https:\/\/www.chapelle-sainte-rita.com\/wp-content\/uploads\/2025\/02\/P1D3183162G-300x169.webp 300w\" sizes=\"(max-width: 640px) 100vw, 640px\" \/>\t\t\t\t\t\t\t\t\t\t\t\t\t\t\t<\/div>\n\t\t\t\t<\/div>\n\t\t\t\t\t<\/div>\n\t\t\t\t<\/div>\n\t\t\t\t<\/div>\n\t\t","protected":false},"excerpt":{"rendered":"<p>Los miembros del equipo de formaci\u00f3n de esta prestigiosa escuela vinieron a visitarnos para compartir un momento fraternal y revivir el ambiente que vivieron el verano pasado en nuestro establecimiento. A principios de 2024, el Ministerio del Interior franc\u00e9s nos pidi\u00f3 que proporcion\u00e1ramos alojamiento a m\u00e1s de 85 estudiantes de polic\u00eda y a su personal [&hellip;]<\/p>\n","protected":false},"author":1,"featured_media":10556,"comment_status":"closed","ping_status":"open","sticky":false,"template":"","format":"standard","meta":{"footnotes":""},"categories":[72],"tags":[],"class_list":["post-11561","post","type-post","status-publish","format-standard","has-post-thumbnail","hentry","category-noticias"],"_links":{"self":[{"href":"https:\/\/www.chapelle-sainte-rita.com\/es\/wp-json\/wp\/v2\/posts\/11561","targetHints":{"allow":["GET"]}}],"collection":[{"href":"https:\/\/www.chapelle-sainte-rita.com\/es\/wp-json\/wp\/v2\/posts"}],"about":[{"href":"https:\/\/www.chapelle-sainte-rita.com\/es\/wp-json\/wp\/v2\/types\/post"}],"author":[{"embeddable":true,"href":"https:\/\/www.chapelle-sainte-rita.com\/es\/wp-json\/wp\/v2\/users\/1"}],"replies":[{"embeddable":true,"href":"https:\/\/www.chapelle-sainte-rita.com\/es\/wp-json\/wp\/v2\/comments?post=11561"}],"version-history":[{"count":1,"href":"https:\/\/www.chapelle-sainte-rita.com\/es\/wp-json\/wp\/v2\/posts\/11561\/revisions"}],"predecessor-version":[{"id":11563,"href":"https:\/\/www.chapelle-sainte-rita.com\/es\/wp-json\/wp\/v2\/posts\/11561\/revisions\/11563"}],"wp:featuredmedia":[{"embeddable":true,"href":"https:\/\/www.chapelle-sainte-rita.com\/es\/wp-json\/wp\/v2\/media\/10556"}],"wp:attachment":[{"href":"https:\/\/www.chapelle-sainte-rita.com\/es\/wp-json\/wp\/v2\/media?parent=11561"}],"wp:term":[{"taxonomy":"category","embeddable":true,"href":"https:\/\/www.chapelle-sainte-rita.com\/es\/wp-json\/wp\/v2\/categories?post=11561"},{"taxonomy":"post_tag","embeddable":true,"href":"https:\/\/www.chapelle-sainte-rita.com\/es\/wp-json\/wp\/v2\/tags?post=11561"}],"curies":[{"name":"wp","href":"https:\/\/api.w.org\/{rel}","templated":true}]}}