{"id":11577,"date":"2025-01-10T19:24:33","date_gmt":"2025-01-10T18:24:33","guid":{"rendered":"https:\/\/www.chapelle-sainte-rita.com\/miercoles-oracion-en-san-jose\/"},"modified":"2025-03-13T11:36:39","modified_gmt":"2025-03-13T10:36:39","slug":"miercoles-oracion-en-san-jose","status":"publish","type":"post","link":"https:\/\/www.chapelle-sainte-rita.com\/es\/miercoles-oracion-en-san-jose\/","title":{"rendered":"Mi\u00e9rcoles: \u00a1oraci\u00f3n en San Jos\u00e9!"},"content":{"rendered":"\t\t<div data-elementor-type=\"wp-post\" data-elementor-id=\"11577\" class=\"elementor elementor-11577 elementor-9600\" data-elementor-post-type=\"post\">\n\t\t\t\t<div class=\"elementor-element elementor-element-5cd36095 e-flex e-con-boxed e-con e-parent\" data-id=\"5cd36095\" data-element_type=\"container\" data-e-type=\"container\">\n\t\t\t\t\t<div class=\"e-con-inner\">\n\t\t\t\t<div class=\"elementor-element elementor-element-2c7def4b elementor-widget elementor-widget-text-editor\" data-id=\"2c7def4b\" data-element_type=\"widget\" data-e-type=\"widget\" data-widget_type=\"text-editor.default\">\n\t\t\t\t<div class=\"elementor-widget-container\">\n\t\t\t\t\t\t\t\t\t<p>Desde hace varios a\u00f1os, un grupo de fieles del santuario de Sainte-Rita se re\u00fane todos los mi\u00e9rcoles a las 16 h para honrar a la patrona de la Iglesia universal, patrona principal de Canad\u00e1 y patrona secundaria de la Congregaci\u00f3n de los Oblatos de la Virgen Mar\u00eda.<\/p>\n<p>Es un momento fuerte de oraci\u00f3n en el que pedimos a San Jos\u00e9, el hombre \u00abjusto\u00bb, que sostenga nuestra vida espiritual, que nos inspire con su ejemplo, para poder discernir a diario sabiendo leer los \u00absignos de los tiempos\u00bb. Sin olvidar su misi\u00f3n primordial, la de ser el protector de la Iglesia durante su peregrinaci\u00f3n por los caminos de este mundo. <\/p>\n<p>Adem\u00e1s, en el canon de la Misa, la Iglesia introdujo la menci\u00f3n de San Jos\u00e9 inmediatamente despu\u00e9s de la invocaci\u00f3n de la Virgen Mar\u00eda: <em>\u00abPor \u00faltimo, imploramos tu bondad sobre todos nosotros: Perm\u00edtenos que con la Virgen Mar\u00eda, la bendita Madre de Dios, <strong>con San Jos\u00e9, su esposo<\/strong>, con los Ap\u00f3stoles y todos los santos de todos los tiempos que han hecho tu gozo a trav\u00e9s de los siglos, participemos de la vida eterna, y cantemos tu alabanza y tu gloria, por tu Hijo Jes\u00fas, el Cristo\u00bb <\/em>[Pri\u00e8re eucharistique II].<\/p>\n<p>No dudes en venir a ver a San Jos\u00e9, especialmente en esta representaci\u00f3n escult\u00f3rica \u00fanica en nuestro santuario. Aqu\u00ed vemos a San Jos\u00e9, ben\u00e9volo y protector, de pie junto a Mar\u00eda y Jes\u00fas, mientras vela por cada uno de ellos <em>-la posici\u00f3n erguida indica que nunca pierde su vigilancia-<\/em>, salvaguardando as\u00ed la intensidad de la mirada luminosa entre Madre e Hijo, entre Hijo y Madre. <\/p>\n<p>\u00a1San Jos\u00e9, ruega por nosotros!<\/p>\n<figure class=\"wp-block-image size-large\"><img fetchpriority=\"high\" decoding=\"async\" width=\"1024\" height=\"768\" class=\"wp-image-9601\" src=\"https:\/\/www.chapelle-sainte-rita.com\/wp-content\/uploads\/2025\/01\/1000073888-1024x768.jpg\" alt=\"\" srcset=\"https:\/\/www.chapelle-sainte-rita.com\/wp-content\/uploads\/2025\/01\/1000073888-1024x768.jpg 1024w, https:\/\/www.chapelle-sainte-rita.com\/wp-content\/uploads\/2025\/01\/1000073888-300x225.jpg 300w, https:\/\/www.chapelle-sainte-rita.com\/wp-content\/uploads\/2025\/01\/1000073888-768x576.jpg 768w, https:\/\/www.chapelle-sainte-rita.com\/wp-content\/uploads\/2025\/01\/1000073888-1536x1152.jpg 1536w, https:\/\/www.chapelle-sainte-rita.com\/wp-content\/uploads\/2025\/01\/1000073888-2048x1536.jpg 2048w\" sizes=\"(max-width: 1024px) 100vw, 1024px\" \/><\/figure>\n<p>Isabelle COUSTURIER, de Aleteia, el 22 de junio de 2013 escribi\u00f3 lo siguiente cuando el Papa Francisco aprob\u00f3 la decisi\u00f3n de su predecesor y firm\u00f3 el decreto que inclu\u00eda al padre adoptivo de Jes\u00fas en tres oraciones eucar\u00edsticas [II &#8211; III &#8211; IV].<\/p>\n<p>\u00bb&nbsp;<em>A la cabeza de la Familia del Se\u00f1or<\/em><em><strong>San Jos\u00e9 de Nazaret<\/strong><\/em><em> cumpli\u00f3 generosamente la misi\u00f3n que hab\u00eda recibido de la gracia en la econom\u00eda de la salvaci\u00f3n, ocupando el lugar <\/em><em><strong>padre de Jes\u00fas<\/strong><\/em><em>. Al abrazar plenamente el misterio salv\u00edfico de la humanidad, que estaba en su infancia, se convirti\u00f3 en un &nbsp;<\/em><strong><em>un modelo ejemplar<\/em><\/strong><em> de esa humildad generosa que la fe cristiana exalta en grado sumo, y un testimonio de esas virtudes comunes, humanas y sencillas que son necesarias para que los hombres lleguen a ser virtuosos y aut\u00e9nticos disc\u00edpulos de Cristo\u00bb.<\/em><\/p>\n<p>As\u00ed comienza<strong> el decreto<\/strong> que reconoce el derecho de San Jos\u00e9 a aparecer en las plegarias eucar\u00edsticas.<\/p>\n<p>Esta decisi\u00f3n, anunciada por la Santa Sede el 19 de junio, sigue <strong>una decisi\u00f3n madurada por el Papa em\u00e9rito Benedicto XVI<\/strong> y aprobada por su sucesor, el Papa Francisco, cuando firm\u00f3 el decreto de la Congregaci\u00f3n para el Culto Divino y la Disciplina de los Sacramentos, <strong><em>\u00abPaternas vices<\/em><\/strong> \u00bb (cuidados paternales), de fecha 1 de mayo de 2013 (fiesta de San Jos\u00e9 Artesano).<\/p>\n<p>Con este decreto, <strong>el nombre de San Jos\u00e9 debe aparecer ahora en <\/strong><strong>las Plegarias Eucar\u00edsticas II, III y IV <\/strong>para las celebraciones de la Misa seg\u00fan la Forma Ordinaria del Rito Romano<strong>, justo despu\u00e9s del nombre de la Bienaventurada Virgen Mar\u00eda<\/strong>.<\/p>\n<p>El decreto reconoce que San Jos\u00e9 <em>\u00bb <\/em><em> cuid\u00f3 amorosamente de la Madre de Dios y se dedic\u00f3 con gozosa devoci\u00f3n a la educaci\u00f3n de Jesucristo\u00bb, que lleg\u00f3 a ser \u00abel guardi\u00e1n de los tesoros m\u00e1s preciosos de Dios Padre\u00bb y \u00abel sost\u00e9n del Cuerpo M\u00edstico, es decir, de la Iglesia, a quien el pueblo de Dios no ha cesado de venerar a lo largo de los siglos\u00bb.<\/em><\/p>\n<p><strong>Tambi\u00e9n reconoce<\/strong> que \u00bb&nbsp;<em>En la Iglesia Cat\u00f3lica, los fieles han mostrado siempre una gran e ininterrumpida devoci\u00f3n a San Jos\u00e9, honrando solemne y constantemente la memoria del cast\u00edsimo Esposo de la Madre de Dios y celestial Patrono de toda la Iglesia, hasta el punto de que, durante el sant\u00edsimo Concilio Ecum\u00e9nico Vaticano II, el Beato Juan XXIII decidi\u00f3 a\u00f1adir su nombre al venerad\u00edsimo Canon Romano<\/em> \u00ab, y proclama que es \u00abel nombre m\u00e1s sagrado de la Iglesia\u00bb.&nbsp;<em>teniendo presente la comuni\u00f3n de los santos, que nos acompa\u00f1an a lo largo del tiempo como peregrinos en este mundo para conducirnos a Cristo y unirnos a \u00c9l <\/em>\u00ab, como tan amablemente ha querido Benedicto XVI.&nbsp;<em>acoger y aprobar los deseos m\u00e1s piadosos, formulados por escrito, procedentes de muchos lugares, decisi\u00f3n que ha sido confirmada recientemente por el Sumo Pont\u00edfice Francisco<\/em> \u00ab.<\/p>\n<p>La Congregaci\u00f3n ha proporcionado traducciones de las f\u00f3rmulas que deben rezarse durante las Misas en las lenguas occidentales modernas m\u00e1s utilizadas, entre ellas el franc\u00e9s y el ingl\u00e9s. La redacci\u00f3n francesa de las Plegarias Eucar\u00edsticas II y III dice lo siguiente: \u00bb &nbsp;<strong><em>con San Jos\u00e9, su esposo<\/em><\/strong><strong>.<\/strong>..\u00bb, y para la Plegaria Eucar\u00edstica IV, \u00ab&#8230;&nbsp;<strong><em>a San Jos\u00e9, su esposo&#8230;<\/em><\/strong> \u00ab. La redacci\u00f3n inglesa de las Plegarias Eucar\u00edsticas II, III y IV es la siguiente \u00bb &nbsp;<strong><em>con el bienaventurado Jos\u00e9, su Esposo<\/em><\/strong><strong>.<\/strong>.. \u00ab<\/p>\n<p><\/p>\t\t\t\t\t\t\t\t<\/div>\n\t\t\t\t<\/div>\n\t\t\t\t\t<\/div>\n\t\t\t\t<\/div>\n\t\t\t\t<\/div>\n\t\t","protected":false},"excerpt":{"rendered":"<p>Desde hace varios a\u00f1os, un grupo de fieles del santuario de Sainte-Rita se re\u00fane todos los mi\u00e9rcoles a las 16 h para honrar a la patrona de la Iglesia universal, patrona principal de Canad\u00e1 y patrona secundaria de la Congregaci\u00f3n de los Oblatos de la Virgen Mar\u00eda. Es un momento fuerte de oraci\u00f3n en el [&hellip;]<\/p>\n","protected":false},"author":1,"featured_media":9608,"comment_status":"closed","ping_status":"open","sticky":false,"template":"","format":"standard","meta":{"footnotes":""},"categories":[72,58],"tags":[],"class_list":["post-11577","post","type-post","status-publish","format-standard","has-post-thumbnail","hentry","category-noticias","category-sin-categorizar"],"_links":{"self":[{"href":"https:\/\/www.chapelle-sainte-rita.com\/es\/wp-json\/wp\/v2\/posts\/11577","targetHints":{"allow":["GET"]}}],"collection":[{"href":"https:\/\/www.chapelle-sainte-rita.com\/es\/wp-json\/wp\/v2\/posts"}],"about":[{"href":"https:\/\/www.chapelle-sainte-rita.com\/es\/wp-json\/wp\/v2\/types\/post"}],"author":[{"embeddable":true,"href":"https:\/\/www.chapelle-sainte-rita.com\/es\/wp-json\/wp\/v2\/users\/1"}],"replies":[{"embeddable":true,"href":"https:\/\/www.chapelle-sainte-rita.com\/es\/wp-json\/wp\/v2\/comments?post=11577"}],"version-history":[{"count":1,"href":"https:\/\/www.chapelle-sainte-rita.com\/es\/wp-json\/wp\/v2\/posts\/11577\/revisions"}],"predecessor-version":[{"id":11579,"href":"https:\/\/www.chapelle-sainte-rita.com\/es\/wp-json\/wp\/v2\/posts\/11577\/revisions\/11579"}],"wp:featuredmedia":[{"embeddable":true,"href":"https:\/\/www.chapelle-sainte-rita.com\/es\/wp-json\/wp\/v2\/media\/9608"}],"wp:attachment":[{"href":"https:\/\/www.chapelle-sainte-rita.com\/es\/wp-json\/wp\/v2\/media?parent=11577"}],"wp:term":[{"taxonomy":"category","embeddable":true,"href":"https:\/\/www.chapelle-sainte-rita.com\/es\/wp-json\/wp\/v2\/categories?post=11577"},{"taxonomy":"post_tag","embeddable":true,"href":"https:\/\/www.chapelle-sainte-rita.com\/es\/wp-json\/wp\/v2\/tags?post=11577"}],"curies":[{"name":"wp","href":"https:\/\/api.w.org\/{rel}","templated":true}]}}