{"id":11581,"date":"2025-01-06T21:08:56","date_gmt":"2025-01-06T20:08:56","guid":{"rendered":"https:\/\/www.chapelle-sainte-rita.com\/domingo-de-epifania\/"},"modified":"2025-03-13T11:36:38","modified_gmt":"2025-03-13T10:36:38","slug":"domingo-de-epifania","status":"publish","type":"post","link":"https:\/\/www.chapelle-sainte-rita.com\/es\/domingo-de-epifania\/","title":{"rendered":"Domingo de Epifan\u00eda"},"content":{"rendered":"\n<p>Muchos fieles acudieron a celebrar la Epifan\u00eda con la comunidad de los Oblatos de la Virgen Mar\u00eda. El padre Fran\u00e7ois, rector, y los padres Yves y Guillaume se esforzaron por ayudar a los fieles a redescubrir el sentido y el significado de tal acontecimiento, a saber, la presencia adoradora de tres visitantes de Oriente. Como astr\u00f3nomos, estaban seguros de que se estaba produciendo un acontecimiento feliz en un reino de Oriente Pr\u00f3ximo. S\u00f3lo ten\u00edan un deseo: encontrarse con un <strong>Dios<\/strong> [sens de l&#8217;encens], un <strong>Rey<\/strong> [la raison de l&#8217;or] y un <strong>Salvador <\/strong>a trav\u00e9s de esta prefiguraci\u00f3n de la <strong>Redenci\u00f3n <\/strong>-obra realizada en su muerte y resurrecci\u00f3n- [anunciada en el rito funerario mediante el uso de <strong>mirra<\/strong>].   <\/p>\n\n<p class=\"has-text-align-center has-small-font-size\">*******************************************<\/p>\n\n<p>Thomas Renaud, de Aleteia, en 2018, nos habla del <strong>simbolismo <\/strong>de estos <strong>tres oblatos<\/strong><em> -ofrendas de oro, incienso y mirra-<\/em> ofrecidas por estos tres personajes de la Escritura.<\/p>\n\n<h3 class=\"wp-block-heading\"><strong>El oro de Cristo Rey<\/strong><\/h3>\n\n<p>Aunque resulte anacr\u00f3nico hablar de Cristo Rey al interpretar el texto b\u00edblico, es efectivamente a la realeza de Cristo, Rey de reyes, a la que se refieren los Padres de la Iglesia cuando hablan del oro.<strong><em> \u00abHe aqu\u00ed el oro: es un rey\u00bb, escribi\u00f3 San Gregorio Magno.<\/em><\/strong>escribi\u00f3 San Gregorio Magno en una homil\u00eda sobre la Epifan\u00eda, antes de continuar: <em><strong>\u00abHe aqu\u00ed el incienso: es un Dios; he aqu\u00ed la mirra: es un mortal\u00bb.<\/strong><\/em>. Todas las grandes tradiciones espirituales de la antig\u00fcedad vincularon el oro a lo divino. Inalterable y lleno de brillo, este material se reserv\u00f3 r\u00e1pidamente a la aristocracia, el poder real y las funciones religiosas. En su acepci\u00f3n latina, el oro se refiere etimol\u00f3gicamente a la luz y al sol, <em>aurum<\/em> que significa amanecer. Y aunque el oro tambi\u00e9n fue rechazado en la tradici\u00f3n b\u00edblica como signo de idolatr\u00eda, el evangelista San Juan confirma su dignidad en la liturgia del retorno de Cristo en el Apocalipsis.    <\/p>\n\n<figure class=\"wp-block-image aligncenter size-large is-resized\"><img fetchpriority=\"high\" decoding=\"async\" width=\"1024\" height=\"683\" src=\"https:\/\/www.chapelle-sainte-rita.com\/wp-content\/uploads\/2025\/01\/Differente_utilisation_or-1024x683.jpg\" alt=\"\" class=\"wp-image-9458\" style=\"width:471px;height:auto\" srcset=\"https:\/\/www.chapelle-sainte-rita.com\/wp-content\/uploads\/2025\/01\/Differente_utilisation_or-1024x683.jpg 1024w, https:\/\/www.chapelle-sainte-rita.com\/wp-content\/uploads\/2025\/01\/Differente_utilisation_or-300x200.jpg 300w, https:\/\/www.chapelle-sainte-rita.com\/wp-content\/uploads\/2025\/01\/Differente_utilisation_or-768x512.jpg 768w, https:\/\/www.chapelle-sainte-rita.com\/wp-content\/uploads\/2025\/01\/Differente_utilisation_or.jpg 1500w\" sizes=\"(max-width: 1024px) 100vw, 1024px\" \/><\/figure>\n\n<h3 class=\"wp-block-heading\"><strong>El incienso, utilizado en el culto, evoca la divinidad<\/strong><\/h3>\n\n<div class=\"wp-block-group is-nowrap is-layout-flex wp-container-core-group-is-layout-6c531013 wp-block-group-is-layout-flex\">\n<p>Utilizado con frecuencia en el culto a las divinidades en las civilizaciones asiria y egipcia, el incienso era uno de los productos m\u00e1s preciados. Los romanos y los griegos tambi\u00e9n lo ten\u00edan en gran estima. El incienso era tan valioso como el oro, si no m\u00e1s. Como atributo de lo divino, el incienso de los Magos saluda al reci\u00e9n nacido en el humilde pesebre, y m\u00e1s all\u00e1 de las apariencias enga\u00f1osas, a un Dios. Tambi\u00e9n presente en la \u00abliturgia\u00bb del Apocalipsis, el incienso ofrecido en adoraci\u00f3n mediante un incensario se ha convertido en una parte perdurable de la tradici\u00f3n lit\u00fargica de la Iglesia. Cuando el humo sagrado se eleva hacia el cielo, transporta las oraciones de los fieles: <strong><em>\u00abQue mi oraci\u00f3n se eleve como incienso ante ti\u00bb, dice el salmista (Sal 1,14).<\/em><\/strong>dice el salmista<a href=\"https:\/\/www.aelf.org\/bible\/Ps\/140\" target=\"_blank\" rel=\"noreferrer noopener\">(Sal 140,2<\/a>).     <\/p>\n<\/div>\n\n<figure class=\"wp-block-image aligncenter size-full is-resized\"><img decoding=\"async\" width=\"500\" height=\"716\" src=\"https:\/\/www.chapelle-sainte-rita.com\/wp-content\/uploads\/2025\/01\/f740376339aab5ee9fa3cf38a0284665-1.jpg\" alt=\"\" class=\"wp-image-9454\" style=\"width:476px;height:auto\" srcset=\"https:\/\/www.chapelle-sainte-rita.com\/wp-content\/uploads\/2025\/01\/f740376339aab5ee9fa3cf38a0284665-1.jpg 500w, https:\/\/www.chapelle-sainte-rita.com\/wp-content\/uploads\/2025\/01\/f740376339aab5ee9fa3cf38a0284665-1-209x300.jpg 209w\" sizes=\"(max-width: 500px) 100vw, 500px\" \/><\/figure>\n\n<h3 class=\"wp-block-heading\"><strong>Mirra, un recordatorio de que Jes\u00fas es un <\/strong><em><strong>Dios hecho hombre<\/strong><\/em>.<\/h3>\n\n<p>Al igual que el incienso, la mirra, una resina arom\u00e1tica, era buscada por las civilizaciones antiguas por su fragancia. Los hebreos la utilizaban para fabricar aceite de unci\u00f3n sagrado para los sacerdotes. Martine De Sauto nos recuerda un uso menos conocido: <strong><em>\u00abMezclada con vino, la mirra aumentaba su virtud euforizante y, seg\u00fan la costumbre jud\u00eda, esta bebida se ofrec\u00eda a veces a los torturados para aliviar su sufrimiento, que era precisamente el caso de Jes\u00fas (Mc 15, 23). <\/em><\/strong><a href=\"https:\/\/www.aelf.org\/bible\/Mc\/15\" target=\"_blank\" rel=\"noreferrer noopener\">(Mc 15, 23<\/a>). Utilizado para embalsamar a los muertos, tambi\u00e9n se emple\u00f3 para preparar los restos mortales de Cristo, como nos dice el Evangelio seg\u00fan San Juan: <strong><em>\u00abNicodemo<\/em><\/strong> &#8211; el primero que hab\u00eda acudido a Jes\u00fas durante la noche.     <strong><em>Trajo una mezcla de mirra y \u00e1loe que pesaba unos cien kilos. Tomaron, pues, el cuerpo de Jes\u00fas y lo envolvieron en telas de lino, usando especias, seg\u00fan la costumbre jud\u00eda de enterrar a los muertos.  \u00bb  <\/em><\/strong>Dos usos que recuerdan la humanidad del Redentor, desde el principio de su existencia terrena.<\/p>\n\n<figure class=\"wp-block-image size-large\"><img decoding=\"async\" width=\"1024\" height=\"576\" src=\"https:\/\/www.chapelle-sainte-rita.com\/wp-content\/uploads\/2025\/01\/i104293-myrrhe-ps-1024x576.webp\" alt=\"\" class=\"wp-image-9446\" srcset=\"https:\/\/www.chapelle-sainte-rita.com\/wp-content\/uploads\/2025\/01\/i104293-myrrhe-ps-1024x576.webp 1024w, https:\/\/www.chapelle-sainte-rita.com\/wp-content\/uploads\/2025\/01\/i104293-myrrhe-ps-300x169.webp 300w, https:\/\/www.chapelle-sainte-rita.com\/wp-content\/uploads\/2025\/01\/i104293-myrrhe-ps-768x432.webp 768w, https:\/\/www.chapelle-sainte-rita.com\/wp-content\/uploads\/2025\/01\/i104293-myrrhe-ps.webp 1200w\" sizes=\"(max-width: 1024px) 100vw, 1024px\" \/><\/figure>\n","protected":false},"excerpt":{"rendered":"<p>Muchos fieles acudieron a celebrar la Epifan\u00eda con la comunidad de los Oblatos de la Virgen Mar\u00eda. El padre Fran\u00e7ois, rector, y los padres Yves y Guillaume se esforzaron por ayudar a los fieles a redescubrir el sentido y el significado de tal acontecimiento, a saber, la presencia adoradora de tres visitantes de Oriente. Como [&hellip;]<\/p>\n","protected":false},"author":1,"featured_media":9476,"comment_status":"closed","ping_status":"open","sticky":false,"template":"","format":"standard","meta":{"footnotes":""},"categories":[72],"tags":[],"class_list":["post-11581","post","type-post","status-publish","format-standard","has-post-thumbnail","hentry","category-noticias"],"_links":{"self":[{"href":"https:\/\/www.chapelle-sainte-rita.com\/es\/wp-json\/wp\/v2\/posts\/11581","targetHints":{"allow":["GET"]}}],"collection":[{"href":"https:\/\/www.chapelle-sainte-rita.com\/es\/wp-json\/wp\/v2\/posts"}],"about":[{"href":"https:\/\/www.chapelle-sainte-rita.com\/es\/wp-json\/wp\/v2\/types\/post"}],"author":[{"embeddable":true,"href":"https:\/\/www.chapelle-sainte-rita.com\/es\/wp-json\/wp\/v2\/users\/1"}],"replies":[{"embeddable":true,"href":"https:\/\/www.chapelle-sainte-rita.com\/es\/wp-json\/wp\/v2\/comments?post=11581"}],"version-history":[{"count":1,"href":"https:\/\/www.chapelle-sainte-rita.com\/es\/wp-json\/wp\/v2\/posts\/11581\/revisions"}],"predecessor-version":[{"id":11582,"href":"https:\/\/www.chapelle-sainte-rita.com\/es\/wp-json\/wp\/v2\/posts\/11581\/revisions\/11582"}],"wp:featuredmedia":[{"embeddable":true,"href":"https:\/\/www.chapelle-sainte-rita.com\/es\/wp-json\/wp\/v2\/media\/9476"}],"wp:attachment":[{"href":"https:\/\/www.chapelle-sainte-rita.com\/es\/wp-json\/wp\/v2\/media?parent=11581"}],"wp:term":[{"taxonomy":"category","embeddable":true,"href":"https:\/\/www.chapelle-sainte-rita.com\/es\/wp-json\/wp\/v2\/categories?post=11581"},{"taxonomy":"post_tag","embeddable":true,"href":"https:\/\/www.chapelle-sainte-rita.com\/es\/wp-json\/wp\/v2\/tags?post=11581"}],"curies":[{"name":"wp","href":"https:\/\/api.w.org\/{rel}","templated":true}]}}