{"id":11595,"date":"2025-01-06T20:45:26","date_gmt":"2025-01-06T19:45:26","guid":{"rendered":"https:\/\/www.chapelle-sainte-rita.com\/el-bautismo-de-jesus\/"},"modified":"2025-03-13T11:36:47","modified_gmt":"2025-03-13T10:36:47","slug":"el-bautismo-de-jesus","status":"publish","type":"post","link":"https:\/\/www.chapelle-sainte-rita.com\/es\/el-bautismo-de-jesus\/","title":{"rendered":"El Bautismo de Jes\u00fas"},"content":{"rendered":"\n<h4 class=\"wp-block-heading\">SERM\u00d3N DE SAN GR\u00c9GOIRE DE NAZIANZE PARA LA FIESTA DE LAS LUCES<\/h4>\n\n<p><strong>\u00abLos que ven la luz est\u00e1n en la luz\u00bb.<\/strong><br\/><br\/>Cristo es iluminado por el bautismo, resplandezcamos con \u00e9l; es sumergido en el agua, descendamos con \u00e9l para resucitar con \u00e9l. ~<br\/><br\/>Juan est\u00e1 bautizando, y Jes\u00fas se acerca; tal vez para santificar al que le va a bautizar; ciertamente para enterrar a todo el viejo Ad\u00e1n en el fondo del agua. Pero antes de eso y con eso en mente, santifica el Jord\u00e1n. Y como es esp\u00edritu y carne, quiere poder iniciar por el agua y por el Esp\u00edritu.  <br\/><br\/>El Bautista se neg\u00f3 a bautizarle. Jes\u00fas insiste. Pero: <em>Soy yo quien necesita ser bautizado por ti<\/em>. As\u00ed es como la l\u00e1mpara habla al sol, la voz al Verbo, el amigo del Esposo al Esposo, <em>el mayor de los hijos de mujer al primog\u00e9nito de toda la creaci\u00f3n <\/em>, el que salt\u00f3 en el vientre de su madre al que fue adorado en su seno, el precursor presente y futuro al que acaba de aparecer y volver\u00e1 a aparecer. <em>Soy yo quien necesita ser bautizado por ti<\/em>. Que Juan a\u00f1ada, pues: y sacrific\u00e1ndome por vosotros. Pues sab\u00eda que recibir\u00eda el bautismo del martirio; o, como Pedro, que sus pies solos no ser\u00edan purificados. ~    <br\/><br\/>Pero aqu\u00ed est\u00e1 Jes\u00fas saliendo del agua. En efecto, carga con el mundo. Con \u00e9l, lo eleva; <em>ve desgarrarse los cielos,<\/em> mientras que Ad\u00e1n los hab\u00eda cerrado para \u00e9l y sus descendientes cuando fue expulsado del para\u00edso defendido por la espada de fuego.  <br\/><br\/>Entonces el Esp\u00edritu da testimonio de su divinidad, pues corre hacia aquel que es de la misma naturaleza. Una voz desciende del cielo para dar testimonio del que ha venido; y, en forma de paloma, honra al cuerpo, ya que Dios, al mostrarse en forma corporal, tambi\u00e9n diviniza el cuerpo. As\u00ed es como, muchos siglos antes, una paloma vino a anunciar la buena nueva del fin del diluvio.  <br\/><br\/>Honremos hoy el bautismo de Cristo y celebremos esta fiesta de forma irreprochable. ~<br\/><br\/>Purificaos completamente y purificaos de nuevo. Porque nada da tanta alegr\u00eda a Dios como la recuperaci\u00f3n y la salvaci\u00f3n del hombre: a eso van dirigidos todo este discurso y todo este misterio. Sed <em>como fuentes de luz en el mundo<\/em>, una fuerza vital para los dem\u00e1s hombres. Como luces perfectas que asisten a la gran Luz, sed iniciados en la vida de luz que hay en el cielo; sed iluminados con mayor claridad y resplandor por la Sant\u00edsima Trinidad, de la que ahora hab\u00e9is recibido, de forma limitada, un solo rayo, procedente de la \u00fanica divinidad, en Jesucristo nuestro Se\u00f1or, a quien pertenecen la gloria y el poder por los siglos de los siglos. Am\u00e9n.    <\/p>\n\n<h4 class=\"wp-block-heading\">Respuesta<\/h4>\n\n<p>R\/ \u00a1Se\u00f1or Jes\u00fas, t\u00fa eres la luz del mundo!<br\/><br\/>El Esp\u00edritu del Se\u00f1or Dios est\u00e1 sobre m\u00ed -dijo en<br\/>-, porque me ha ungido.<br\/><br\/>Me envi\u00f3 a llevar la Buena Nueva a los pobres,<br\/>a proclamar la libertad, a anunciar un tiempo de gracia.<br\/><br\/>Es de Dios que he venido y me he ido,<br\/>No he venido por m\u00ed mismo. Dios me ha enviado. <\/p>\n\n<h4 class=\"wp-block-heading\">Te Deum<\/h4>\n\n<p>A ti, Dios, nuestra alabanza!<br\/>\u00a1Te aclamamos, t\u00fa eres el Se\u00f1or!<br\/>A ti, Padre eterno,<br\/>El himno del universo.<\/p>\n\n<p>Ante ti se postran los arc\u00e1ngeles,<br\/>los \u00e1ngeles y los esp\u00edritus del cielo;<br\/>te dan gracias;<br\/>te adoran y cantan:<\/p>\n\n<p>Santo, santo, santo, Se\u00f1or,<br\/>Dios del universo;<br\/>el cielo y la tierra est\u00e1n llenos de tu gloria.<\/p>\n\n<p>Los Ap\u00f3stoles te glorifican,<br\/>los profetas te anuncian,<br\/>los m\u00e1rtires dan testimonio de ti;<br\/>la Iglesia te proclama y te reconoce en todo el mundo<br\/>.<\/p>\n\n<p>Dios, te adoramos:<br\/>Padre infinitamente santo,<br\/>Hijo eterno y amado,<br\/>Esp\u00edritu de poder y de paz.<\/p>\n\n<p>Cristo, Hijo del Dios vivo,<br\/>Se\u00f1or de la gloria,<br\/>no tuviste miedo de encarnarte<br\/>en el cuerpo de una virgen<br\/>para liberar a la humanidad cautiva.<\/p>\n\n<p>Por tu victoria sobre la muerte,<br\/>has abierto las puertas del Reino a todo creyente<br\/><br\/> reinas a la derecha del Padre<br\/>vendr\u00e1s a juzgar.<\/p>\n\n<p>Mu\u00e9strate defensor y amigo<br\/>de los salvados por tu sangre:<br\/>ac\u00f3gelos con todos los santos<br\/>en tu alegr\u00eda y en tu luz.<\/p>\n\n<h4 class=\"wp-block-heading\">Oraci\u00f3n<\/h4>\n\n<p>Dios eterno y todopoderoso, cuando Cristo fue bautizado en el Jord\u00e1n y el Esp\u00edritu Santo repos\u00f3 sobre \u00e9l, lo designaste como tu Hijo amado; haz que tus hijos adoptivos, nacidos del agua y del Esp\u00edritu, tengan siempre presente tu santa voluntad.<\/p>\n\n<figure class=\"wp-block-image aligncenter size-full\"><img fetchpriority=\"high\" decoding=\"async\" width=\"545\" height=\"720\" src=\"https:\/\/www.chapelle-sainte-rita.com\/wp-content\/uploads\/2025\/01\/1571344946714.jpeg\" alt=\"\" class=\"wp-image-9440\" srcset=\"https:\/\/www.chapelle-sainte-rita.com\/wp-content\/uploads\/2025\/01\/1571344946714.jpeg 545w, https:\/\/www.chapelle-sainte-rita.com\/wp-content\/uploads\/2025\/01\/1571344946714-227x300.jpeg 227w\" sizes=\"(max-width: 545px) 100vw, 545px\" \/><\/figure>\n","protected":false},"excerpt":{"rendered":"<p>SERM\u00d3N DE SAN GR\u00c9GOIRE DE NAZIANZE PARA LA FIESTA DE LAS LUCES \u00abLos que ven la luz est\u00e1n en la luz\u00bb. Cristo es iluminado por el bautismo, resplandezcamos con \u00e9l; es sumergido en el agua, descendamos con \u00e9l para resucitar con \u00e9l. ~ Juan est\u00e1 bautizando, y Jes\u00fas se acerca; tal vez para santificar al [&hellip;]<\/p>\n","protected":false},"author":1,"featured_media":9439,"comment_status":"closed","ping_status":"open","sticky":false,"template":"","format":"standard","meta":{"footnotes":""},"categories":[80],"tags":[],"class_list":["post-11595","post","type-post","status-publish","format-standard","has-post-thumbnail","hentry","category-formacion"],"_links":{"self":[{"href":"https:\/\/www.chapelle-sainte-rita.com\/es\/wp-json\/wp\/v2\/posts\/11595","targetHints":{"allow":["GET"]}}],"collection":[{"href":"https:\/\/www.chapelle-sainte-rita.com\/es\/wp-json\/wp\/v2\/posts"}],"about":[{"href":"https:\/\/www.chapelle-sainte-rita.com\/es\/wp-json\/wp\/v2\/types\/post"}],"author":[{"embeddable":true,"href":"https:\/\/www.chapelle-sainte-rita.com\/es\/wp-json\/wp\/v2\/users\/1"}],"replies":[{"embeddable":true,"href":"https:\/\/www.chapelle-sainte-rita.com\/es\/wp-json\/wp\/v2\/comments?post=11595"}],"version-history":[{"count":1,"href":"https:\/\/www.chapelle-sainte-rita.com\/es\/wp-json\/wp\/v2\/posts\/11595\/revisions"}],"predecessor-version":[{"id":11597,"href":"https:\/\/www.chapelle-sainte-rita.com\/es\/wp-json\/wp\/v2\/posts\/11595\/revisions\/11597"}],"wp:featuredmedia":[{"embeddable":true,"href":"https:\/\/www.chapelle-sainte-rita.com\/es\/wp-json\/wp\/v2\/media\/9439"}],"wp:attachment":[{"href":"https:\/\/www.chapelle-sainte-rita.com\/es\/wp-json\/wp\/v2\/media?parent=11595"}],"wp:term":[{"taxonomy":"category","embeddable":true,"href":"https:\/\/www.chapelle-sainte-rita.com\/es\/wp-json\/wp\/v2\/categories?post=11595"},{"taxonomy":"post_tag","embeddable":true,"href":"https:\/\/www.chapelle-sainte-rita.com\/es\/wp-json\/wp\/v2\/tags?post=11595"}],"curies":[{"name":"wp","href":"https:\/\/api.w.org\/{rel}","templated":true}]}}