{"id":11805,"date":"2025-03-28T14:27:41","date_gmt":"2025-03-28T13:27:41","guid":{"rendered":"https:\/\/www.chapelle-sainte-rita.com\/peregrinacion-jubileo-de-la-esperanza\/"},"modified":"2025-04-18T15:16:03","modified_gmt":"2025-04-18T13:16:03","slug":"peregrinacion-jubileo-de-la-esperanza","status":"publish","type":"post","link":"https:\/\/www.chapelle-sainte-rita.com\/es\/peregrinacion-jubileo-de-la-esperanza\/","title":{"rendered":"Peregrinaci\u00f3n: Jubileo de la Esperanza"},"content":{"rendered":"\n<p>Cascia &#8211; As\u00eds &#8211; Roma<\/p>\n\n<p><strong>El Jubileo de la Esperanza<\/strong><\/p>\n\n<p>Al inaugurar este A\u00f1o Santo, el Papa anima a los cat\u00f3licos a ser \u00abperegrinos de esperanza\u00bb. Esta peregrinaci\u00f3n es una respuesta a esa invitaci\u00f3n. <\/p>\n\n<ul class=\"wp-block-list\">\n<li>En Cascia, la vida y el ejemplo de Santa Rita, \u00abla santa de los casos imposibles\u00bb, inspirar\u00e1n esperanza, reconciliaci\u00f3n y devoci\u00f3n.<\/li>\n\n\n\n<li>En As\u00eds, la profunda uni\u00f3n de San Francisco con la Pasi\u00f3n de Cristo te infundir\u00e1 humildad y amor por todas las criaturas.<\/li>\n\n\n\n<li>Por \u00faltimo, en Roma, lugar de memoria de los ap\u00f3stoles m\u00e1rtires y coraz\u00f3n espiritual de la Iglesia cat\u00f3lica, experimentar\u00e1s la riqueza hist\u00f3rica y cultural de esta ciudad santa, anim\u00e1ndote a renovar tu fe.<\/li>\n<\/ul>\n\n<p>Lo m\u00e1s destacado de la peregrinaci\u00f3n :<\/p>\n\n<ul class=\"wp-block-list\">\n<li>Una rara oportunidad de disfrutar de una experiencia espiritual \u00fanica mientras descubres lugares excepcionales<\/li>\n\n\n\n<li>Atravesar las puertas santas de las 4 bas\u00edlicas mayores de Roma<\/li>\n\n\n\n<li>Muchos momentos de reflexi\u00f3n y celebraci\u00f3n<\/li>\n\n\n\n<li>Alojamiento en un hotel de Cascia cerca del Santuario<\/li>\n\n\n\n<li>Alojamiento en una casa religiosa en el centro de Roma<\/li>\n<\/ul>\n\n<p><\/p>\n\n<p class=\"has-text-align-center\"><strong><a href=\"https:\/\/www.chapelle-sainte-rita.com\/wp-content\/uploads\/2025\/04\/PELERINAGE-ROME-2025-Presentation-1.pdf\" data-type=\"link\" data-id=\"https:\/\/www.chapelle-sainte-rita.com\/wp-content\/uploads\/2025\/04\/PELERINAGE-ROME-2025-Presentation.pdf\">Puedes ver e imprimir el folleto de presentaci\u00f3n de la peregrinaci\u00f3n<\/a>.<\/strong><\/p>\n\n<p class=\"has-text-align-center\">&#8212;&#8212;&#8212;&#8212;&#8212;&#8212;&#8212;&#8212;&#8212;&#8212;&#8212;&#8212;&#8212;&#8212;&#8212;&#8212; <\/p>\n\n<figure class=\"wp-block-image aligncenter size-large is-resized\"><img fetchpriority=\"high\" decoding=\"async\" width=\"1024\" height=\"682\" src=\"https:\/\/www.chapelle-sainte-rita.com\/wp-content\/uploads\/2025\/03\/Rita-1024x682.jpg\" alt=\"\" class=\"wp-image-11768\" style=\"width:530px;height:auto\" srcset=\"https:\/\/www.chapelle-sainte-rita.com\/wp-content\/uploads\/2025\/03\/Rita-1024x682.jpg 1024w, https:\/\/www.chapelle-sainte-rita.com\/wp-content\/uploads\/2025\/03\/Rita-300x200.jpg 300w, https:\/\/www.chapelle-sainte-rita.com\/wp-content\/uploads\/2025\/03\/Rita-768x511.jpg 768w, https:\/\/www.chapelle-sainte-rita.com\/wp-content\/uploads\/2025\/03\/Rita-1536x1022.jpg 1536w, https:\/\/www.chapelle-sainte-rita.com\/wp-content\/uploads\/2025\/03\/Rita.jpg 1920w\" sizes=\"(max-width: 1024px) 100vw, 1024px\" \/><\/figure>\n\n<p>Un itinerario, un viaje de fe<\/p>\n\n<p><strong>D1: Viernes 7 de noviembre de 2025<\/strong><br\/>Par\u00eds \/ Roma \/ Cascia (165 km)<br\/>18h15: Salida CDG<br\/>20h20: Llegada ROMA FIUMICCINO<br\/>20h30: Encuentro en el aeropuerto de Roma-Fiumicino, y traslado en autocar a Cascia, la ciudad de Santa Rita en Umbr\u00eda.<br\/>Cena libre.<br\/>Noche en Cascia.<\/p>\n\n<p><strong>D2 : S\u00e1bado 8 de noviembre de 2025<\/strong><br\/>Cascia \/ Roccaporena \/ Cascia<br\/>Visita a la casa natal y conyugal de Santa Rita, el jard\u00edn del Milagro de la Rosa, la roca del Scoglio donde a la santa le gustaba venir a rezar.<br\/>Almuerzo incluido.<\/p>\n\n<p>Visita a la Bas\u00edlica de Santa Rita y explicaci\u00f3n de la vida de la santa.<br\/>Tiempo de oraci\u00f3n ante el santuario de Santa Rita, descubrimiento del monasterio donde la santa pas\u00f3 los \u00faltimos a\u00f1os de su vida. Celebraci\u00f3n de la Fe en la Collegiata di Santa Maria Della Visitazione, donde Santa Rita fue bautizada.<br\/>Cena incluida.<br\/>Noche en Cascia. <\/p>\n\n<figure class=\"wp-block-image aligncenter size-full\"><img decoding=\"async\" width=\"480\" height=\"320\" src=\"https:\/\/www.chapelle-sainte-rita.com\/wp-content\/uploads\/2025\/03\/68.jpg\" alt=\"\" class=\"wp-image-11776\" srcset=\"https:\/\/www.chapelle-sainte-rita.com\/wp-content\/uploads\/2025\/03\/68.jpg 480w, https:\/\/www.chapelle-sainte-rita.com\/wp-content\/uploads\/2025\/03\/68-300x200.jpg 300w\" sizes=\"(max-width: 480px) 100vw, 480px\" \/><\/figure>\n\n<p><strong>D3: Domingo 9 de noviembre de 2025<\/strong><br\/>Cascia \/ As\u00eds \/ Roma (260 km)<br\/>Traslado a As\u00eds. Bas\u00edlica de San<br\/>Francisco, decorada con magn\u00edficos frescos de Giotto y Cimabue, que alberga la tumba de San Francisco. Santa Maria Maggiore, alberga la tumba de Carlo Acutis. Misa celebrada en la bas\u00edlica.<br\/>Almuerzo incluido.<br\/>Visita a la Porci\u00fancula, parte de la gran bas\u00edlica de Santa Mar\u00eda de los \u00c1ngeles, la Capilla del Tr\u00e1nsito.<br\/>Al final del d\u00eda, viaje en autocar a Roma.<br\/>Cena incluida.<br\/>Noche en Roma.   <\/p>\n\n<figure class=\"wp-block-image aligncenter size-large is-resized\"><img decoding=\"async\" width=\"1024\" height=\"683\" src=\"https:\/\/www.chapelle-sainte-rita.com\/wp-content\/uploads\/2025\/03\/a7_00763-2-1-1024x683.jpg\" alt=\"\" class=\"wp-image-11772\" style=\"width:495px;height:auto\" srcset=\"https:\/\/www.chapelle-sainte-rita.com\/wp-content\/uploads\/2025\/03\/a7_00763-2-1-1024x683.jpg 1024w, https:\/\/www.chapelle-sainte-rita.com\/wp-content\/uploads\/2025\/03\/a7_00763-2-1-300x200.jpg 300w, https:\/\/www.chapelle-sainte-rita.com\/wp-content\/uploads\/2025\/03\/a7_00763-2-1-768x512.jpg 768w, https:\/\/www.chapelle-sainte-rita.com\/wp-content\/uploads\/2025\/03\/a7_00763-2-1-1536x1024.jpg 1536w, https:\/\/www.chapelle-sainte-rita.com\/wp-content\/uploads\/2025\/03\/a7_00763-2-1.jpg 1920w\" sizes=\"(max-width: 1024px) 100vw, 1024px\" \/><\/figure>\n\n<p><strong>D4: Lunes 10 de noviembre de 2025<\/strong><br\/>Roma<br\/>Visita a la Bas\u00edlica de Santa Mar\u00eda la Mayor, la m\u00e1s antigua de las cuatro bas\u00edlicas mayores. Recogimiento ante el icono de la Virgen Mar\u00eda \u00abSalus populi romani\u00bb, a quien el Santo Padre encomend\u00f3 cada viaje apost\u00f3lico. Celebraci\u00f3n de la Misa.<br\/>Almuerzo incluido.<br\/>Paseo por la Roma barroca y el centro hist\u00f3rico: Pante\u00f3n, Plaza Navona, Iglesia de San Luis de los Franceses, Iglesia de San Ignacio, Fontana de Trevi, Iglesia de la Trinidad de los Montes, etc.<br\/>Cena incluida.<br\/>Noche en Roma.  <\/p>\n\n<p class=\"has-text-align-left\"><strong>D5: Martes 11 de noviembre de 2025<\/strong><br\/>Roma<br\/>Visita a la Bas\u00edlica de San Pedro. Atraviesa la Puerta Santa, pasa un rato rezando ante la Confesi\u00f3n de Pedro (tumba) y visita la bas\u00edlica. Bajada a las criptas vaticanas donde est\u00e1n enterrados muchos papas.  <\/p>\n\n<p>Misa<br\/>Comida incluida.<br\/>Visita la Bas\u00edlica de San Giovanni in Laterano o tiempo libre. Es la catedral de Roma, la iglesia madre y cabeza de todas las iglesias. Atraviesa la Puerta Santa y visita la bas\u00edlica.<br\/>Cena incluida.<br\/>Noche en Roma  <\/p>\n\n<p><strong>D6: Mi\u00e9rcoles 12 de noviembre de 2025<\/strong><br\/>Roma \/ Par\u00eds<br\/>Audiencia Pontificia (llegada antes de las 7.30 h) en la Plaza de San Pedro con el Papa (sujeta a su presencia), una experiencia \u00fanica de la \u00abuniversalidad de la Iglesia\u00bb con todos los grupos de peregrinos presentes.<br\/>Almuerzo incluido<br\/>Visita a la Bas\u00edlica de San Pablo Extramuros. Visita al atrio. Paso por la Puerta Santa y visita a la Bas\u00edlica.<br\/>Visita a las Catacumbas de San Calixto<br\/>Se trata de uno de los complejos funerarios subterr\u00e1neos m\u00e1s grandes y mejor conservados de la ciudad.<br\/>Misa<br\/>Traslado al aeropuerto<br\/>Cena libre.<br\/>21:30: Salida ROMA FIUMICCINO<br\/>23:40: Llegada PAR\u00cdS CDG  <\/p>\n\n<p>El programa de este viaje est\u00e1 sujeto a cambios en funci\u00f3n de las limitaciones locales y de la disponibilidad en el momento de la confirmaci\u00f3n del grupo.<\/p>\n\n<p>Este precio incluye:<br\/>&#8211; Vuelos Par\u00eds \/ Roma \/ Par\u00eds<br\/>&#8211; Autocar privado los d\u00edas 07, 09 y 12\/11<br\/>&#8211; Transporte p\u00fablico en Roma<br\/>&#8211; Alojamiento en habitaci\u00f3n doble<br\/>&#8211; Todas las comidas desde el almuerzo del 08\/11 hasta el almuerzo del 12\/11<br\/>&#8211; Entradas y visitas mencionadas<br\/>&#8211; Seguro (gastos m\u00e9dicos, repatriaci\u00f3n, responsabilidad civil, equipaje y cancelaci\u00f3n)<\/p>\n\n<p>Suplementos :<\/p>\n\n<p>&#8211; Habitaci\u00f3n individual 400\u20ac<br\/>&#8211; Bebidas, caf\u00e9 y extras personales<\/p>\n\n<p>&#8211; Ofrendas durante las celebraciones<br\/>&#8211; Propinas para gu\u00edas y conductores<\/p>\n\n<h3 class=\"wp-block-heading\">Moderadores: Padre Fran\u00e7ois Lapointe o.m.v. y Padre Guillaume Charbonneau o.m.v.<\/h3>\n\n<p><strong><em>INSCRIPCI\u00d3N<\/em><\/strong><\/p>\n\n<ul class=\"wp-block-list\">\n<li><strong>Las reservas pueden hacerse in situ a partir del 21 de abril<\/strong>: <a href=\"http:\/\/www.billetweb.fr\/pelerinage-a-rome-groupe-p-lapointe\">www.billetweb.fr\/pelerinage-a-rome-groupe-p-lapointe<\/a><\/li>\n<\/ul>\n\n<ul class=\"wp-block-list\">\n<li><strong>El pago puede hacerse en su totalidad o en tres plazos<\/strong>:<\/li>\n<\/ul>\n\n<p>En el momento de<strong>la inscripci\u00f3n<\/strong>: <strong>33%<\/strong> &#8211; <strong>05\/07\/2025<\/strong>: <strong>33%<\/strong> &#8211; <strong>05\/10\/2025<\/strong>: <strong>saldo<\/strong><\/p>\n\n<ul class=\"wp-block-list\">\n<li><strong>Si tienes alguna pregunta, ponte en contacto con nosotros en el 01 41 13 37 11 o en el 06 26 56 24 17, o env\u00edanos un correo electr\u00f3nico a<\/strong> <a href=\"mailto:chapelle.sainte.rita@gmail.com\">chapelle.sainte.rita@gmail.com.<\/a><\/li>\n<\/ul>\n\n<p><\/p>\n","protected":false},"excerpt":{"rendered":"<p>Cascia &#8211; As\u00eds &#8211; Roma El Jubileo de la Esperanza Al inaugurar este A\u00f1o Santo, el Papa anima a los cat\u00f3licos a ser \u00abperegrinos de esperanza\u00bb. Esta peregrinaci\u00f3n es una respuesta a esa invitaci\u00f3n. Lo m\u00e1s destacado de la peregrinaci\u00f3n : Puedes ver e imprimir el folleto de presentaci\u00f3n de la peregrinaci\u00f3n. &#8212;&#8212;&#8212;&#8212;&#8212;&#8212;&#8212;&#8212;&#8212;&#8212;&#8212;&#8212;&#8212;&#8212;&#8212;&#8212; Un itinerario, [&hellip;]<\/p>\n","protected":false},"author":1,"featured_media":11767,"comment_status":"closed","ping_status":"open","sticky":false,"template":"","format":"standard","meta":{"footnotes":""},"categories":[72],"tags":[],"class_list":["post-11805","post","type-post","status-publish","format-standard","has-post-thumbnail","hentry","category-noticias"],"_links":{"self":[{"href":"https:\/\/www.chapelle-sainte-rita.com\/es\/wp-json\/wp\/v2\/posts\/11805","targetHints":{"allow":["GET"]}}],"collection":[{"href":"https:\/\/www.chapelle-sainte-rita.com\/es\/wp-json\/wp\/v2\/posts"}],"about":[{"href":"https:\/\/www.chapelle-sainte-rita.com\/es\/wp-json\/wp\/v2\/types\/post"}],"author":[{"embeddable":true,"href":"https:\/\/www.chapelle-sainte-rita.com\/es\/wp-json\/wp\/v2\/users\/1"}],"replies":[{"embeddable":true,"href":"https:\/\/www.chapelle-sainte-rita.com\/es\/wp-json\/wp\/v2\/comments?post=11805"}],"version-history":[{"count":5,"href":"https:\/\/www.chapelle-sainte-rita.com\/es\/wp-json\/wp\/v2\/posts\/11805\/revisions"}],"predecessor-version":[{"id":11853,"href":"https:\/\/www.chapelle-sainte-rita.com\/es\/wp-json\/wp\/v2\/posts\/11805\/revisions\/11853"}],"wp:featuredmedia":[{"embeddable":true,"href":"https:\/\/www.chapelle-sainte-rita.com\/es\/wp-json\/wp\/v2\/media\/11767"}],"wp:attachment":[{"href":"https:\/\/www.chapelle-sainte-rita.com\/es\/wp-json\/wp\/v2\/media?parent=11805"}],"wp:term":[{"taxonomy":"category","embeddable":true,"href":"https:\/\/www.chapelle-sainte-rita.com\/es\/wp-json\/wp\/v2\/categories?post=11805"},{"taxonomy":"post_tag","embeddable":true,"href":"https:\/\/www.chapelle-sainte-rita.com\/es\/wp-json\/wp\/v2\/tags?post=11805"}],"curies":[{"name":"wp","href":"https:\/\/api.w.org\/{rel}","templated":true}]}}