{"id":12187,"date":"2025-05-24T11:27:48","date_gmt":"2025-05-24T09:27:48","guid":{"rendered":"https:\/\/www.chapelle-sainte-rita.com\/fiesta-de-santa-rita\/"},"modified":"2025-05-24T11:31:43","modified_gmt":"2025-05-24T09:31:43","slug":"fiesta-de-santa-rita","status":"publish","type":"post","link":"https:\/\/www.chapelle-sainte-rita.com\/es\/fiesta-de-santa-rita\/","title":{"rendered":"Fiesta de Santa Rita"},"content":{"rendered":"\n<p class=\"has-text-align-left has-vivid-red-color has-text-color has-link-color wp-elements-47263686253401acd4ada29612c73784\"><em>Un santo para hoy<\/em>.<\/p>\n\n<p class=\"has-text-align-left has-text-color has-link-color wp-elements-e96ec87cbfefbcbd476782566ef6c733\" style=\"color:#00578a\">  La fiesta de la santa de las causas desesperadas sigue atrayendo a tanta gente como siempre. Hay que decir que la vida de Santa Rita la llev\u00f3 por todos los estados posibles: pobre y luego acomodada econ\u00f3micamente, casada y luego viuda, madre y finalmente monja. Son tambi\u00e9n sus muchos sufrimientos y, a pesar de ellos, su perseverancia en el seguimiento de Cristo lo que la convierten en un testigo cre\u00edble para nuestro tiempo. Por no hablar de su incansable lucha por convertir a su marido a la no violencia de Cristo y de sus muchos intentos exitosos de lograr la paz entre familias rivales. He aqu\u00ed una retrospectiva de las festividades que tuvieron lugar en nuestra capilla-santuario de Santa Rita.    <\/p>\n\n<figure class=\"wp-block-image size-large\"><img fetchpriority=\"high\" decoding=\"async\" width=\"1024\" height=\"576\" src=\"https:\/\/www.chapelle-sainte-rita.com\/wp-content\/uploads\/2025\/05\/20250522_195703-1024x576.jpg\" alt=\"\" class=\"wp-image-12095\" srcset=\"https:\/\/www.chapelle-sainte-rita.com\/wp-content\/uploads\/2025\/05\/20250522_195703-1024x576.jpg 1024w, https:\/\/www.chapelle-sainte-rita.com\/wp-content\/uploads\/2025\/05\/20250522_195703-300x169.jpg 300w, https:\/\/www.chapelle-sainte-rita.com\/wp-content\/uploads\/2025\/05\/20250522_195703-768x432.jpg 768w, https:\/\/www.chapelle-sainte-rita.com\/wp-content\/uploads\/2025\/05\/20250522_195703-1536x864.jpg 1536w, https:\/\/www.chapelle-sainte-rita.com\/wp-content\/uploads\/2025\/05\/20250522_195703-2048x1152.jpg 2048w\" sizes=\"(max-width: 1024px) 100vw, 1024px\" \/><\/figure>\n\n<div class=\"wp-block-group is-nowrap is-layout-flex wp-container-core-group-is-layout-6c531013 wp-block-group-is-layout-flex\">\n<figure class=\"wp-block-image size-large\"><img decoding=\"async\" width=\"576\" height=\"1024\" src=\"https:\/\/www.chapelle-sainte-rita.com\/wp-content\/uploads\/2025\/05\/20250522_185420-2-576x1024.jpg\" alt=\"\" class=\"wp-image-12170\" srcset=\"https:\/\/www.chapelle-sainte-rita.com\/wp-content\/uploads\/2025\/05\/20250522_185420-2-576x1024.jpg 576w, https:\/\/www.chapelle-sainte-rita.com\/wp-content\/uploads\/2025\/05\/20250522_185420-2-169x300.jpg 169w, https:\/\/www.chapelle-sainte-rita.com\/wp-content\/uploads\/2025\/05\/20250522_185420-2-768x1365.jpg 768w, https:\/\/www.chapelle-sainte-rita.com\/wp-content\/uploads\/2025\/05\/20250522_185420-2-864x1536.jpg 864w, https:\/\/www.chapelle-sainte-rita.com\/wp-content\/uploads\/2025\/05\/20250522_185420-2-1153x2048.jpg 1153w, https:\/\/www.chapelle-sainte-rita.com\/wp-content\/uploads\/2025\/05\/20250522_185420-2-scaled.jpg 1441w\" sizes=\"(max-width: 576px) 100vw, 576px\" \/><\/figure>\n\n\n\n<figure class=\"wp-block-image size-large\"><img decoding=\"async\" width=\"1024\" height=\"576\" src=\"https:\/\/www.chapelle-sainte-rita.com\/wp-content\/uploads\/2025\/05\/IMG-20250522-WA0012-1-1024x576.jpg\" alt=\"\" class=\"wp-image-12146\" srcset=\"https:\/\/www.chapelle-sainte-rita.com\/wp-content\/uploads\/2025\/05\/IMG-20250522-WA0012-1-1024x576.jpg 1024w, https:\/\/www.chapelle-sainte-rita.com\/wp-content\/uploads\/2025\/05\/IMG-20250522-WA0012-1-300x169.jpg 300w, https:\/\/www.chapelle-sainte-rita.com\/wp-content\/uploads\/2025\/05\/IMG-20250522-WA0012-1-768x432.jpg 768w, https:\/\/www.chapelle-sainte-rita.com\/wp-content\/uploads\/2025\/05\/IMG-20250522-WA0012-1-1536x864.jpg 1536w, https:\/\/www.chapelle-sainte-rita.com\/wp-content\/uploads\/2025\/05\/IMG-20250522-WA0012-1.jpg 2016w\" sizes=\"(max-width: 1024px) 100vw, 1024px\" \/><\/figure>\n\n\n\n<figure class=\"wp-block-image size-large\"><img loading=\"lazy\" decoding=\"async\" width=\"1024\" height=\"576\" src=\"https:\/\/www.chapelle-sainte-rita.com\/wp-content\/uploads\/2025\/05\/20250522_182640-2-1024x576.jpg\" alt=\"\" class=\"wp-image-12150\" srcset=\"https:\/\/www.chapelle-sainte-rita.com\/wp-content\/uploads\/2025\/05\/20250522_182640-2-1024x576.jpg 1024w, https:\/\/www.chapelle-sainte-rita.com\/wp-content\/uploads\/2025\/05\/20250522_182640-2-300x169.jpg 300w, https:\/\/www.chapelle-sainte-rita.com\/wp-content\/uploads\/2025\/05\/20250522_182640-2-768x432.jpg 768w, https:\/\/www.chapelle-sainte-rita.com\/wp-content\/uploads\/2025\/05\/20250522_182640-2-1536x864.jpg 1536w, https:\/\/www.chapelle-sainte-rita.com\/wp-content\/uploads\/2025\/05\/20250522_182640-2-2048x1153.jpg 2048w\" sizes=\"(max-width: 1024px) 100vw, 1024px\" \/><\/figure>\n<\/div>\n\n<div class=\"wp-block-group is-layout-constrained wp-block-group-is-layout-constrained\">\n<div class=\"wp-block-columns is-layout-flex wp-container-core-columns-is-layout-28f84493 wp-block-columns-is-layout-flex\">\n<div class=\"wp-block-column is-layout-flow wp-block-column-is-layout-flow\" style=\"flex-basis:100%\">\n<div class=\"wp-block-group is-layout-grid wp-container-core-group-is-layout-478b6e6b wp-block-group-is-layout-grid\">\n<figure class=\"wp-block-image size-large\"><img loading=\"lazy\" decoding=\"async\" width=\"1024\" height=\"576\" src=\"https:\/\/www.chapelle-sainte-rita.com\/wp-content\/uploads\/2025\/05\/IMG-20250522-WA0097-2-1024x576.jpg\" alt=\"\" class=\"wp-image-12158\" srcset=\"https:\/\/www.chapelle-sainte-rita.com\/wp-content\/uploads\/2025\/05\/IMG-20250522-WA0097-2-1024x576.jpg 1024w, https:\/\/www.chapelle-sainte-rita.com\/wp-content\/uploads\/2025\/05\/IMG-20250522-WA0097-2-300x169.jpg 300w, https:\/\/www.chapelle-sainte-rita.com\/wp-content\/uploads\/2025\/05\/IMG-20250522-WA0097-2-768x432.jpg 768w, https:\/\/www.chapelle-sainte-rita.com\/wp-content\/uploads\/2025\/05\/IMG-20250522-WA0097-2-1536x864.jpg 1536w, https:\/\/www.chapelle-sainte-rita.com\/wp-content\/uploads\/2025\/05\/IMG-20250522-WA0097-2.jpg 1600w\" sizes=\"(max-width: 1024px) 100vw, 1024px\" \/><\/figure>\n\n\n\n<figure class=\"wp-block-image size-large\"><img loading=\"lazy\" decoding=\"async\" width=\"1024\" height=\"576\" src=\"https:\/\/www.chapelle-sainte-rita.com\/wp-content\/uploads\/2025\/05\/IMG-20250522-WA0095-1-1024x576.jpg\" alt=\"\" class=\"wp-image-12162\" srcset=\"https:\/\/www.chapelle-sainte-rita.com\/wp-content\/uploads\/2025\/05\/IMG-20250522-WA0095-1-1024x576.jpg 1024w, https:\/\/www.chapelle-sainte-rita.com\/wp-content\/uploads\/2025\/05\/IMG-20250522-WA0095-1-300x169.jpg 300w, https:\/\/www.chapelle-sainte-rita.com\/wp-content\/uploads\/2025\/05\/IMG-20250522-WA0095-1-768x432.jpg 768w, https:\/\/www.chapelle-sainte-rita.com\/wp-content\/uploads\/2025\/05\/IMG-20250522-WA0095-1-1536x864.jpg 1536w, https:\/\/www.chapelle-sainte-rita.com\/wp-content\/uploads\/2025\/05\/IMG-20250522-WA0095-1.jpg 1600w\" sizes=\"(max-width: 1024px) 100vw, 1024px\" \/><\/figure>\n\n\n\n<figure class=\"wp-block-image size-large\"><img loading=\"lazy\" decoding=\"async\" width=\"1024\" height=\"576\" src=\"https:\/\/www.chapelle-sainte-rita.com\/wp-content\/uploads\/2025\/05\/20250522_182814-1-1024x576.jpg\" alt=\"\" class=\"wp-image-12166\" srcset=\"https:\/\/www.chapelle-sainte-rita.com\/wp-content\/uploads\/2025\/05\/20250522_182814-1-1024x576.jpg 1024w, https:\/\/www.chapelle-sainte-rita.com\/wp-content\/uploads\/2025\/05\/20250522_182814-1-300x169.jpg 300w, https:\/\/www.chapelle-sainte-rita.com\/wp-content\/uploads\/2025\/05\/20250522_182814-1-768x432.jpg 768w, https:\/\/www.chapelle-sainte-rita.com\/wp-content\/uploads\/2025\/05\/20250522_182814-1-1536x864.jpg 1536w, https:\/\/www.chapelle-sainte-rita.com\/wp-content\/uploads\/2025\/05\/20250522_182814-1-2048x1153.jpg 2048w\" sizes=\"(max-width: 1024px) 100vw, 1024px\" \/><\/figure>\n<\/div>\n<\/div>\n<\/div>\n<\/div>\n\n<p><\/p>\n\n<p class=\"has-text-color has-link-color wp-elements-d19a8721cd8b1c8bb2edc08133d8e018\" style=\"color:#045d90\">  Para quienes no lo sepan, los Oblatos de la Virgen Mar\u00eda (o.m.v) que dirigen este santuario-capilla son responsables de la atenci\u00f3n pastoral de otras dos iglesias en todo el mundo, tambi\u00e9n dedicadas a Santa Rita. La primera est\u00e1 en Niza, en la zona de Vieux-Nice, donde comenz\u00f3 la devoci\u00f3n a Santa Rita, antes de trasladarse a Fontenay-aux-Roses. Pero tambi\u00e9n en Buenos Aires, con la parroquia-santuario de Santa Rita.    <\/p>\n\n<p><\/p>\n\n<figure class=\"wp-block-image size-large\"><img loading=\"lazy\" decoding=\"async\" width=\"1024\" height=\"819\" src=\"https:\/\/www.chapelle-sainte-rita.com\/wp-content\/uploads\/2025\/05\/IMG-20250521-WA0009-1-1024x819.jpg\" alt=\"\" class=\"wp-image-12182\" srcset=\"https:\/\/www.chapelle-sainte-rita.com\/wp-content\/uploads\/2025\/05\/IMG-20250521-WA0009-1-1024x819.jpg 1024w, https:\/\/www.chapelle-sainte-rita.com\/wp-content\/uploads\/2025\/05\/IMG-20250521-WA0009-1-300x240.jpg 300w, https:\/\/www.chapelle-sainte-rita.com\/wp-content\/uploads\/2025\/05\/IMG-20250521-WA0009-1-768x615.jpg 768w, https:\/\/www.chapelle-sainte-rita.com\/wp-content\/uploads\/2025\/05\/IMG-20250521-WA0009-1.jpg 1407w\" sizes=\"(max-width: 1024px) 100vw, 1024px\" \/><\/figure>\n\n<figure class=\"wp-block-image size-large\"><img loading=\"lazy\" decoding=\"async\" width=\"1024\" height=\"768\" src=\"https:\/\/www.chapelle-sainte-rita.com\/wp-content\/uploads\/2025\/05\/IMG-20250522-WA0080-1024x768.jpg\" alt=\"\" class=\"wp-image-12178\" srcset=\"https:\/\/www.chapelle-sainte-rita.com\/wp-content\/uploads\/2025\/05\/IMG-20250522-WA0080-1024x768.jpg 1024w, https:\/\/www.chapelle-sainte-rita.com\/wp-content\/uploads\/2025\/05\/IMG-20250522-WA0080-300x225.jpg 300w, https:\/\/www.chapelle-sainte-rita.com\/wp-content\/uploads\/2025\/05\/IMG-20250522-WA0080-768x576.jpg 768w, https:\/\/www.chapelle-sainte-rita.com\/wp-content\/uploads\/2025\/05\/IMG-20250522-WA0080-1536x1152.jpg 1536w, https:\/\/www.chapelle-sainte-rita.com\/wp-content\/uploads\/2025\/05\/IMG-20250522-WA0080.jpg 1600w\" sizes=\"(max-width: 1024px) 100vw, 1024px\" \/><\/figure>\n\n<p>  Que Santa Rita siga intercediendo por todos y cada uno de nosotros ante Dios. Am\u00e9n.<\/p>\n\n<p><\/p>\n","protected":false},"excerpt":{"rendered":"<p>Un santo para hoy. La fiesta de la santa de las causas desesperadas sigue atrayendo a tanta gente como siempre. Hay que decir que la vida de Santa Rita la llev\u00f3 por todos los estados posibles: pobre y luego acomodada econ\u00f3micamente, casada y luego viuda, madre y finalmente monja. Son tambi\u00e9n sus muchos sufrimientos y, [&hellip;]<\/p>\n","protected":false},"author":1,"featured_media":12196,"comment_status":"closed","ping_status":"open","sticky":false,"template":"","format":"standard","meta":{"footnotes":""},"categories":[72],"tags":[],"class_list":["post-12187","post","type-post","status-publish","format-standard","has-post-thumbnail","hentry","category-noticias"],"_links":{"self":[{"href":"https:\/\/www.chapelle-sainte-rita.com\/es\/wp-json\/wp\/v2\/posts\/12187","targetHints":{"allow":["GET"]}}],"collection":[{"href":"https:\/\/www.chapelle-sainte-rita.com\/es\/wp-json\/wp\/v2\/posts"}],"about":[{"href":"https:\/\/www.chapelle-sainte-rita.com\/es\/wp-json\/wp\/v2\/types\/post"}],"author":[{"embeddable":true,"href":"https:\/\/www.chapelle-sainte-rita.com\/es\/wp-json\/wp\/v2\/users\/1"}],"replies":[{"embeddable":true,"href":"https:\/\/www.chapelle-sainte-rita.com\/es\/wp-json\/wp\/v2\/comments?post=12187"}],"version-history":[{"count":3,"href":"https:\/\/www.chapelle-sainte-rita.com\/es\/wp-json\/wp\/v2\/posts\/12187\/revisions"}],"predecessor-version":[{"id":12204,"href":"https:\/\/www.chapelle-sainte-rita.com\/es\/wp-json\/wp\/v2\/posts\/12187\/revisions\/12204"}],"wp:featuredmedia":[{"embeddable":true,"href":"https:\/\/www.chapelle-sainte-rita.com\/es\/wp-json\/wp\/v2\/media\/12196"}],"wp:attachment":[{"href":"https:\/\/www.chapelle-sainte-rita.com\/es\/wp-json\/wp\/v2\/media?parent=12187"}],"wp:term":[{"taxonomy":"category","embeddable":true,"href":"https:\/\/www.chapelle-sainte-rita.com\/es\/wp-json\/wp\/v2\/categories?post=12187"},{"taxonomy":"post_tag","embeddable":true,"href":"https:\/\/www.chapelle-sainte-rita.com\/es\/wp-json\/wp\/v2\/tags?post=12187"}],"curies":[{"name":"wp","href":"https:\/\/api.w.org\/{rel}","templated":true}]}}