{"id":12223,"date":"2025-05-24T14:42:30","date_gmt":"2025-05-24T12:42:30","guid":{"rendered":"https:\/\/www.chapelle-sainte-rita.com\/peregrinacion-diocesana-a-santa-rita\/"},"modified":"2025-05-24T14:46:57","modified_gmt":"2025-05-24T12:46:57","slug":"peregrinacion-diocesana-a-santa-rita","status":"publish","type":"post","link":"https:\/\/www.chapelle-sainte-rita.com\/es\/peregrinacion-diocesana-a-santa-rita\/","title":{"rendered":"Peregrinaci\u00f3n diocesana a Santa Rita"},"content":{"rendered":"\n<figure class=\"wp-block-image size-large\"><img fetchpriority=\"high\" decoding=\"async\" width=\"1024\" height=\"576\" src=\"https:\/\/www.chapelle-sainte-rita.com\/wp-content\/uploads\/2025\/05\/20250216_185846-1024x576.jpg\" alt=\"\" class=\"wp-image-12218\" srcset=\"https:\/\/www.chapelle-sainte-rita.com\/wp-content\/uploads\/2025\/05\/20250216_185846-1024x576.jpg 1024w, https:\/\/www.chapelle-sainte-rita.com\/wp-content\/uploads\/2025\/05\/20250216_185846-300x169.jpg 300w, https:\/\/www.chapelle-sainte-rita.com\/wp-content\/uploads\/2025\/05\/20250216_185846-768x432.jpg 768w, https:\/\/www.chapelle-sainte-rita.com\/wp-content\/uploads\/2025\/05\/20250216_185846-1536x864.jpg 1536w, https:\/\/www.chapelle-sainte-rita.com\/wp-content\/uploads\/2025\/05\/20250216_185846-2048x1153.jpg 2048w\" sizes=\"(max-width: 1024px) 100vw, 1024px\" \/><\/figure>\n\n<p><\/p>\n\n<p>Las festividades en torno a la fiesta de Santa Rita acaban de terminar, y ahora se ampl\u00edan al <strong>14 de junio. <\/strong> <\/p>\n\n<p>La di\u00f3cesis de Nanterre, en colaboraci\u00f3n con la capilla-santuario de Santa Rita, lanza la segunda edici\u00f3n de su peregrinaci\u00f3n diocesana a Santa Rita.  <strong>Partir\u00e1 hacia las 13.30 h de la iglesia de San Saturnino de Antony. El programa incluye <\/strong>  Un paseo de hora y media por la \u201ccoul\u00e9e verte\u201d hasta la capilla de Santa Rita en Fontenay-aux-Roses, donde participaremos en la procesi\u00f3n jubilar, celebraremos la misa con bendici\u00f3n de rosas y, sobre todo, conoceremos mejor a esta gran santa italiana y le rezaremos.  <\/p>\n\n<p><strong>Para m\u00e1s informaci\u00f3n, visita el sitio web diocesano aqu\u00ed:<\/strong> <a href=\"https:\/\/diocese92.fr\/evenements\/pelerinage-diocesain-sainte-rita\/\">https:\/\/diocese92.fr\/evenements\/pelerinage-diocesain-sainte-rita\/<\/a><\/p>\n\n<p>Venga uno, vengan todos y ap\u00fantense para vivir una maravillosa experiencia espiritual y presentar a Santa Rita lo que tengan en mente.<\/p>\n\n<p><\/p>\n","protected":false},"excerpt":{"rendered":"<p>Las festividades en torno a la fiesta de Santa Rita acaban de terminar, y ahora se ampl\u00edan al 14 de junio. La di\u00f3cesis de Nanterre, en colaboraci\u00f3n con la capilla-santuario de Santa Rita, lanza la segunda edici\u00f3n de su peregrinaci\u00f3n diocesana a Santa Rita. Partir\u00e1 hacia las 13.30 h de la iglesia de San Saturnino [&hellip;]<\/p>\n","protected":false},"author":1,"featured_media":5954,"comment_status":"closed","ping_status":"open","sticky":false,"template":"","format":"standard","meta":{"footnotes":""},"categories":[72],"tags":[],"class_list":["post-12223","post","type-post","status-publish","format-standard","has-post-thumbnail","hentry","category-noticias"],"_links":{"self":[{"href":"https:\/\/www.chapelle-sainte-rita.com\/es\/wp-json\/wp\/v2\/posts\/12223","targetHints":{"allow":["GET"]}}],"collection":[{"href":"https:\/\/www.chapelle-sainte-rita.com\/es\/wp-json\/wp\/v2\/posts"}],"about":[{"href":"https:\/\/www.chapelle-sainte-rita.com\/es\/wp-json\/wp\/v2\/types\/post"}],"author":[{"embeddable":true,"href":"https:\/\/www.chapelle-sainte-rita.com\/es\/wp-json\/wp\/v2\/users\/1"}],"replies":[{"embeddable":true,"href":"https:\/\/www.chapelle-sainte-rita.com\/es\/wp-json\/wp\/v2\/comments?post=12223"}],"version-history":[{"count":3,"href":"https:\/\/www.chapelle-sainte-rita.com\/es\/wp-json\/wp\/v2\/posts\/12223\/revisions"}],"predecessor-version":[{"id":12234,"href":"https:\/\/www.chapelle-sainte-rita.com\/es\/wp-json\/wp\/v2\/posts\/12223\/revisions\/12234"}],"wp:featuredmedia":[{"embeddable":true,"href":"https:\/\/www.chapelle-sainte-rita.com\/es\/wp-json\/wp\/v2\/media\/5954"}],"wp:attachment":[{"href":"https:\/\/www.chapelle-sainte-rita.com\/es\/wp-json\/wp\/v2\/media?parent=12223"}],"wp:term":[{"taxonomy":"category","embeddable":true,"href":"https:\/\/www.chapelle-sainte-rita.com\/es\/wp-json\/wp\/v2\/categories?post=12223"},{"taxonomy":"post_tag","embeddable":true,"href":"https:\/\/www.chapelle-sainte-rita.com\/es\/wp-json\/wp\/v2\/tags?post=12223"}],"curies":[{"name":"wp","href":"https:\/\/api.w.org\/{rel}","templated":true}]}}