{"id":13537,"date":"2025-12-09T18:31:33","date_gmt":"2025-12-09T17:31:33","guid":{"rendered":"https:\/\/www.chapelle-sainte-rita.com\/una-mirada-retrospectiva-a-la-procesion-mariana-del-08-de-diciembre\/"},"modified":"2025-12-10T06:53:02","modified_gmt":"2025-12-10T05:53:02","slug":"una-mirada-retrospectiva-a-la-procesion-mariana-del-08-de-diciembre","status":"publish","type":"post","link":"https:\/\/www.chapelle-sainte-rita.com\/es\/una-mirada-retrospectiva-a-la-procesion-mariana-del-08-de-diciembre\/","title":{"rendered":"Una mirada retrospectiva a la Procesi\u00f3n Mariana del 08 de diciembre"},"content":{"rendered":"\n<p>El 8 de diciembre, la parroquia de San Pedro San Pablo y la capilla de Santa Rita celebraron con fervor la fiesta de la Inmaculada Concepci\u00f3n con una magn\u00edfica procesi\u00f3n en honor de la Virgen Mar\u00eda. La velada mariana comenz\u00f3 con una misa espiritual a la que asisti\u00f3 un gran n\u00famero de fieles, que se unieron en la oraci\u00f3n y el canto para honrar a la Madre de Dios. El ambiente era particularmente vibrante, reflejando la profundidad de la fe de cada persona.  <\/p>\n\n<p>Tras la misa, los participantes participaron en una alegre procesi\u00f3n a lo largo del corredor verde. Los cantos y las oraciones resonaron en el aire fresco de diciembre, creando un momento de intensa comuni\u00f3n entre los fieles y su Creador. Fue un momento poderoso y conmovedor ver a tantas personas caminando juntas, con sus corazones unidos por la misma devoci\u00f3n.  <\/p>\n\n<p>La celebraci\u00f3n continu\u00f3 en la capilla de Sainte Rita con un tiempo de adoraci\u00f3n eucar\u00edstica. Este momento de recogimiento permiti\u00f3 a todos retirarse al silencio y a la contemplaci\u00f3n, reforzando su v\u00ednculo personal con Dios. Los fieles pudieron expresar su gratitud y su amor a la Virgen Mar\u00eda en un momento de profunda oraci\u00f3n.  <\/p>\n\n<p>Como dijo una de las parejas que participaron: \u00abGracias por esta magn\u00edfica celebraci\u00f3n, muy apreciada por su calidad, fervor y participaci\u00f3n. Hab\u00e9is hecho que nuestras almas se exalten y nuestros esp\u00edritus exulten en Dios, nuestro Se\u00f1or\u00bb. Estas palabras dan testimonio de la riqueza espiritual de la jornada, que realmente toc\u00f3 los corazones y fortaleci\u00f3 a la comunidad.   <\/p>\n\n<p>La procesi\u00f3n de la Inmaculada Concepci\u00f3n ser\u00e1 recordada como un poderoso momento de oraci\u00f3n y unidad.<\/p>\n\n<figure class=\"wp-block-gallery has-nested-images columns-default is-cropped wp-block-gallery-1 is-layout-flex wp-block-gallery-is-layout-flex\">\n<figure class=\"wp-block-image size-large\"><img fetchpriority=\"high\" decoding=\"async\" width=\"1024\" height=\"768\" data-id=\"13554\" src=\"https:\/\/www.chapelle-sainte-rita.com\/wp-content\/uploads\/2025\/12\/WhatsApp-Image-2025-12-08-at-21.00.45-1024x768.jpeg\" alt=\"\" class=\"wp-image-13554\" srcset=\"https:\/\/www.chapelle-sainte-rita.com\/wp-content\/uploads\/2025\/12\/WhatsApp-Image-2025-12-08-at-21.00.45-1024x768.jpeg 1024w, https:\/\/www.chapelle-sainte-rita.com\/wp-content\/uploads\/2025\/12\/WhatsApp-Image-2025-12-08-at-21.00.45-300x225.jpeg 300w, https:\/\/www.chapelle-sainte-rita.com\/wp-content\/uploads\/2025\/12\/WhatsApp-Image-2025-12-08-at-21.00.45-768x576.jpeg 768w, https:\/\/www.chapelle-sainte-rita.com\/wp-content\/uploads\/2025\/12\/WhatsApp-Image-2025-12-08-at-21.00.45-1536x1152.jpeg 1536w, https:\/\/www.chapelle-sainte-rita.com\/wp-content\/uploads\/2025\/12\/WhatsApp-Image-2025-12-08-at-21.00.45.jpeg 1600w\" sizes=\"(max-width: 1024px) 100vw, 1024px\" \/><\/figure>\n\n\n\n<figure class=\"wp-block-image size-large\"><img decoding=\"async\" width=\"1024\" height=\"768\" data-id=\"13553\" src=\"https:\/\/www.chapelle-sainte-rita.com\/wp-content\/uploads\/2025\/12\/WhatsApp-Image-2025-12-08-at-21.00.47-1024x768.jpeg\" alt=\"\" class=\"wp-image-13553\" srcset=\"https:\/\/www.chapelle-sainte-rita.com\/wp-content\/uploads\/2025\/12\/WhatsApp-Image-2025-12-08-at-21.00.47-1024x768.jpeg 1024w, https:\/\/www.chapelle-sainte-rita.com\/wp-content\/uploads\/2025\/12\/WhatsApp-Image-2025-12-08-at-21.00.47-300x225.jpeg 300w, https:\/\/www.chapelle-sainte-rita.com\/wp-content\/uploads\/2025\/12\/WhatsApp-Image-2025-12-08-at-21.00.47-768x576.jpeg 768w, https:\/\/www.chapelle-sainte-rita.com\/wp-content\/uploads\/2025\/12\/WhatsApp-Image-2025-12-08-at-21.00.47-1536x1152.jpeg 1536w, https:\/\/www.chapelle-sainte-rita.com\/wp-content\/uploads\/2025\/12\/WhatsApp-Image-2025-12-08-at-21.00.47.jpeg 1600w\" sizes=\"(max-width: 1024px) 100vw, 1024px\" \/><\/figure>\n\n\n\n<figure class=\"wp-block-image size-large\"><img decoding=\"async\" width=\"768\" height=\"1024\" data-id=\"13550\" src=\"https:\/\/www.chapelle-sainte-rita.com\/wp-content\/uploads\/2025\/12\/WhatsApp-Image-2025-12-08-at-21.00.50-768x1024.jpeg\" alt=\"\" class=\"wp-image-13550\" srcset=\"https:\/\/www.chapelle-sainte-rita.com\/wp-content\/uploads\/2025\/12\/WhatsApp-Image-2025-12-08-at-21.00.50-768x1024.jpeg 768w, https:\/\/www.chapelle-sainte-rita.com\/wp-content\/uploads\/2025\/12\/WhatsApp-Image-2025-12-08-at-21.00.50-225x300.jpeg 225w, https:\/\/www.chapelle-sainte-rita.com\/wp-content\/uploads\/2025\/12\/WhatsApp-Image-2025-12-08-at-21.00.50-1152x1536.jpeg 1152w, https:\/\/www.chapelle-sainte-rita.com\/wp-content\/uploads\/2025\/12\/WhatsApp-Image-2025-12-08-at-21.00.50.jpeg 1200w\" sizes=\"(max-width: 768px) 100vw, 768px\" \/><\/figure>\n\n\n\n<figure class=\"wp-block-image size-large\"><img loading=\"lazy\" decoding=\"async\" width=\"1024\" height=\"768\" data-id=\"13555\" src=\"https:\/\/www.chapelle-sainte-rita.com\/wp-content\/uploads\/2025\/12\/WhatsApp-Image-2025-12-08-at-21.00.53-1024x768.jpeg\" alt=\"\" class=\"wp-image-13555\" srcset=\"https:\/\/www.chapelle-sainte-rita.com\/wp-content\/uploads\/2025\/12\/WhatsApp-Image-2025-12-08-at-21.00.53-1024x768.jpeg 1024w, https:\/\/www.chapelle-sainte-rita.com\/wp-content\/uploads\/2025\/12\/WhatsApp-Image-2025-12-08-at-21.00.53-300x225.jpeg 300w, https:\/\/www.chapelle-sainte-rita.com\/wp-content\/uploads\/2025\/12\/WhatsApp-Image-2025-12-08-at-21.00.53-768x576.jpeg 768w, https:\/\/www.chapelle-sainte-rita.com\/wp-content\/uploads\/2025\/12\/WhatsApp-Image-2025-12-08-at-21.00.53-1536x1152.jpeg 1536w, https:\/\/www.chapelle-sainte-rita.com\/wp-content\/uploads\/2025\/12\/WhatsApp-Image-2025-12-08-at-21.00.53.jpeg 1600w\" sizes=\"(max-width: 1024px) 100vw, 1024px\" \/><\/figure>\n\n\n\n<figure class=\"wp-block-image size-large\"><img loading=\"lazy\" decoding=\"async\" width=\"1024\" height=\"768\" data-id=\"13556\" src=\"https:\/\/www.chapelle-sainte-rita.com\/wp-content\/uploads\/2025\/12\/WhatsApp-Image-2025-12-08-at-21.00.55-1024x768.jpeg\" alt=\"\" class=\"wp-image-13556\" srcset=\"https:\/\/www.chapelle-sainte-rita.com\/wp-content\/uploads\/2025\/12\/WhatsApp-Image-2025-12-08-at-21.00.55-1024x768.jpeg 1024w, https:\/\/www.chapelle-sainte-rita.com\/wp-content\/uploads\/2025\/12\/WhatsApp-Image-2025-12-08-at-21.00.55-300x225.jpeg 300w, https:\/\/www.chapelle-sainte-rita.com\/wp-content\/uploads\/2025\/12\/WhatsApp-Image-2025-12-08-at-21.00.55-768x576.jpeg 768w, https:\/\/www.chapelle-sainte-rita.com\/wp-content\/uploads\/2025\/12\/WhatsApp-Image-2025-12-08-at-21.00.55-1536x1152.jpeg 1536w, https:\/\/www.chapelle-sainte-rita.com\/wp-content\/uploads\/2025\/12\/WhatsApp-Image-2025-12-08-at-21.00.55.jpeg 1600w\" sizes=\"(max-width: 1024px) 100vw, 1024px\" \/><\/figure>\n\n\n\n<figure class=\"wp-block-image size-large\"><img loading=\"lazy\" decoding=\"async\" width=\"1024\" height=\"768\" data-id=\"13560\" src=\"https:\/\/www.chapelle-sainte-rita.com\/wp-content\/uploads\/2025\/12\/WhatsApp-Image-2025-12-08-at-21.00.552-1024x768.jpeg\" alt=\"\" class=\"wp-image-13560\" srcset=\"https:\/\/www.chapelle-sainte-rita.com\/wp-content\/uploads\/2025\/12\/WhatsApp-Image-2025-12-08-at-21.00.552-1024x768.jpeg 1024w, https:\/\/www.chapelle-sainte-rita.com\/wp-content\/uploads\/2025\/12\/WhatsApp-Image-2025-12-08-at-21.00.552-300x225.jpeg 300w, https:\/\/www.chapelle-sainte-rita.com\/wp-content\/uploads\/2025\/12\/WhatsApp-Image-2025-12-08-at-21.00.552-768x576.jpeg 768w, https:\/\/www.chapelle-sainte-rita.com\/wp-content\/uploads\/2025\/12\/WhatsApp-Image-2025-12-08-at-21.00.552-1536x1152.jpeg 1536w, https:\/\/www.chapelle-sainte-rita.com\/wp-content\/uploads\/2025\/12\/WhatsApp-Image-2025-12-08-at-21.00.552.jpeg 1600w\" sizes=\"(max-width: 1024px) 100vw, 1024px\" \/><\/figure>\n<\/figure>\n\n<figure class=\"wp-block-gallery has-nested-images columns-default is-cropped wp-block-gallery-2 is-layout-flex wp-block-gallery-is-layout-flex\">\n<figure class=\"wp-block-image size-large\"><img loading=\"lazy\" decoding=\"async\" width=\"1024\" height=\"768\" data-id=\"13579\" src=\"https:\/\/www.chapelle-sainte-rita.com\/wp-content\/uploads\/2025\/12\/WhatsApp-Image-2025-12-10-at-06.47.41-1024x768.jpeg\" alt=\"\" class=\"wp-image-13579\" srcset=\"https:\/\/www.chapelle-sainte-rita.com\/wp-content\/uploads\/2025\/12\/WhatsApp-Image-2025-12-10-at-06.47.41-1024x768.jpeg 1024w, https:\/\/www.chapelle-sainte-rita.com\/wp-content\/uploads\/2025\/12\/WhatsApp-Image-2025-12-10-at-06.47.41-300x225.jpeg 300w, https:\/\/www.chapelle-sainte-rita.com\/wp-content\/uploads\/2025\/12\/WhatsApp-Image-2025-12-10-at-06.47.41-768x576.jpeg 768w, https:\/\/www.chapelle-sainte-rita.com\/wp-content\/uploads\/2025\/12\/WhatsApp-Image-2025-12-10-at-06.47.41-1536x1152.jpeg 1536w, https:\/\/www.chapelle-sainte-rita.com\/wp-content\/uploads\/2025\/12\/WhatsApp-Image-2025-12-10-at-06.47.41.jpeg 2032w\" sizes=\"(max-width: 1024px) 100vw, 1024px\" \/><\/figure>\n\n\n\n<figure class=\"wp-block-image size-large\"><img loading=\"lazy\" decoding=\"async\" width=\"768\" height=\"1024\" data-id=\"13583\" src=\"https:\/\/www.chapelle-sainte-rita.com\/wp-content\/uploads\/2025\/12\/WhatsApp-Image-2025-12-10-at-06.47.16-768x1024.jpeg\" alt=\"\" class=\"wp-image-13583\" srcset=\"https:\/\/www.chapelle-sainte-rita.com\/wp-content\/uploads\/2025\/12\/WhatsApp-Image-2025-12-10-at-06.47.16-768x1024.jpeg 768w, https:\/\/www.chapelle-sainte-rita.com\/wp-content\/uploads\/2025\/12\/WhatsApp-Image-2025-12-10-at-06.47.16-225x300.jpeg 225w, https:\/\/www.chapelle-sainte-rita.com\/wp-content\/uploads\/2025\/12\/WhatsApp-Image-2025-12-10-at-06.47.16-1152x1536.jpeg 1152w, https:\/\/www.chapelle-sainte-rita.com\/wp-content\/uploads\/2025\/12\/WhatsApp-Image-2025-12-10-at-06.47.16.jpeg 1524w\" sizes=\"(max-width: 768px) 100vw, 768px\" \/><\/figure>\n\n\n\n<figure class=\"wp-block-image size-large\"><img loading=\"lazy\" decoding=\"async\" width=\"768\" height=\"1024\" data-id=\"13588\" src=\"https:\/\/www.chapelle-sainte-rita.com\/wp-content\/uploads\/2025\/12\/WhatsApp-Image-2025-12-10-at-06.47.162-768x1024.jpeg\" alt=\"\" class=\"wp-image-13588\" srcset=\"https:\/\/www.chapelle-sainte-rita.com\/wp-content\/uploads\/2025\/12\/WhatsApp-Image-2025-12-10-at-06.47.162-768x1024.jpeg 768w, https:\/\/www.chapelle-sainte-rita.com\/wp-content\/uploads\/2025\/12\/WhatsApp-Image-2025-12-10-at-06.47.162-225x300.jpeg 225w, https:\/\/www.chapelle-sainte-rita.com\/wp-content\/uploads\/2025\/12\/WhatsApp-Image-2025-12-10-at-06.47.162-1152x1536.jpeg 1152w, https:\/\/www.chapelle-sainte-rita.com\/wp-content\/uploads\/2025\/12\/WhatsApp-Image-2025-12-10-at-06.47.162.jpeg 1524w\" sizes=\"(max-width: 768px) 100vw, 768px\" \/><\/figure>\n\n\n\n<figure class=\"wp-block-image size-large\"><img loading=\"lazy\" decoding=\"async\" width=\"1024\" height=\"768\" data-id=\"13589\" src=\"https:\/\/www.chapelle-sainte-rita.com\/wp-content\/uploads\/2025\/12\/WhatsApp-Image-2025-12-10-at-06.47.17-1024x768.jpeg\" alt=\"\" class=\"wp-image-13589\" srcset=\"https:\/\/www.chapelle-sainte-rita.com\/wp-content\/uploads\/2025\/12\/WhatsApp-Image-2025-12-10-at-06.47.17-1024x768.jpeg 1024w, https:\/\/www.chapelle-sainte-rita.com\/wp-content\/uploads\/2025\/12\/WhatsApp-Image-2025-12-10-at-06.47.17-300x225.jpeg 300w, https:\/\/www.chapelle-sainte-rita.com\/wp-content\/uploads\/2025\/12\/WhatsApp-Image-2025-12-10-at-06.47.17-768x576.jpeg 768w, https:\/\/www.chapelle-sainte-rita.com\/wp-content\/uploads\/2025\/12\/WhatsApp-Image-2025-12-10-at-06.47.17-1536x1152.jpeg 1536w, https:\/\/www.chapelle-sainte-rita.com\/wp-content\/uploads\/2025\/12\/WhatsApp-Image-2025-12-10-at-06.47.17.jpeg 2032w\" sizes=\"(max-width: 1024px) 100vw, 1024px\" \/><\/figure>\n\n\n\n<figure class=\"wp-block-image size-large\"><img loading=\"lazy\" decoding=\"async\" width=\"1024\" height=\"768\" data-id=\"13594\" src=\"https:\/\/www.chapelle-sainte-rita.com\/wp-content\/uploads\/2025\/12\/WhatsApp-Image-2025-12-10-at-06.47.127-1024x768.jpeg\" alt=\"\" class=\"wp-image-13594\" srcset=\"https:\/\/www.chapelle-sainte-rita.com\/wp-content\/uploads\/2025\/12\/WhatsApp-Image-2025-12-10-at-06.47.127-1024x768.jpeg 1024w, https:\/\/www.chapelle-sainte-rita.com\/wp-content\/uploads\/2025\/12\/WhatsApp-Image-2025-12-10-at-06.47.127-300x225.jpeg 300w, https:\/\/www.chapelle-sainte-rita.com\/wp-content\/uploads\/2025\/12\/WhatsApp-Image-2025-12-10-at-06.47.127-768x576.jpeg 768w, https:\/\/www.chapelle-sainte-rita.com\/wp-content\/uploads\/2025\/12\/WhatsApp-Image-2025-12-10-at-06.47.127-1536x1152.jpeg 1536w, https:\/\/www.chapelle-sainte-rita.com\/wp-content\/uploads\/2025\/12\/WhatsApp-Image-2025-12-10-at-06.47.127.jpeg 2032w\" sizes=\"(max-width: 1024px) 100vw, 1024px\" \/><\/figure>\n\n\n\n<figure class=\"wp-block-image size-large\"><img loading=\"lazy\" decoding=\"async\" width=\"1024\" height=\"768\" data-id=\"13598\" src=\"https:\/\/www.chapelle-sainte-rita.com\/wp-content\/uploads\/2025\/12\/WhatsApp-Image-2025-12-10-at-06.47.21-1024x768.jpeg\" alt=\"\" class=\"wp-image-13598\" srcset=\"https:\/\/www.chapelle-sainte-rita.com\/wp-content\/uploads\/2025\/12\/WhatsApp-Image-2025-12-10-at-06.47.21-1024x768.jpeg 1024w, https:\/\/www.chapelle-sainte-rita.com\/wp-content\/uploads\/2025\/12\/WhatsApp-Image-2025-12-10-at-06.47.21-300x225.jpeg 300w, https:\/\/www.chapelle-sainte-rita.com\/wp-content\/uploads\/2025\/12\/WhatsApp-Image-2025-12-10-at-06.47.21-768x576.jpeg 768w, https:\/\/www.chapelle-sainte-rita.com\/wp-content\/uploads\/2025\/12\/WhatsApp-Image-2025-12-10-at-06.47.21-1536x1152.jpeg 1536w, https:\/\/www.chapelle-sainte-rita.com\/wp-content\/uploads\/2025\/12\/WhatsApp-Image-2025-12-10-at-06.47.21.jpeg 2032w\" sizes=\"(max-width: 1024px) 100vw, 1024px\" \/><\/figure>\n<\/figure>\n","protected":false},"excerpt":{"rendered":"<p>El 8 de diciembre, la parroquia de San Pedro San Pablo y la capilla de Santa Rita celebraron con fervor la fiesta de la Inmaculada Concepci\u00f3n con una magn\u00edfica procesi\u00f3n en honor de la Virgen Mar\u00eda. La velada mariana comenz\u00f3 con una misa espiritual a la que asisti\u00f3 un gran n\u00famero de fieles, que se [&hellip;]<\/p>\n","protected":false},"author":1,"featured_media":13531,"comment_status":"closed","ping_status":"open","sticky":false,"template":"","format":"standard","meta":{"footnotes":""},"categories":[72,58],"tags":[],"class_list":["post-13537","post","type-post","status-publish","format-standard","has-post-thumbnail","hentry","category-noticias","category-sin-categorizar"],"_links":{"self":[{"href":"https:\/\/www.chapelle-sainte-rita.com\/es\/wp-json\/wp\/v2\/posts\/13537","targetHints":{"allow":["GET"]}}],"collection":[{"href":"https:\/\/www.chapelle-sainte-rita.com\/es\/wp-json\/wp\/v2\/posts"}],"about":[{"href":"https:\/\/www.chapelle-sainte-rita.com\/es\/wp-json\/wp\/v2\/types\/post"}],"author":[{"embeddable":true,"href":"https:\/\/www.chapelle-sainte-rita.com\/es\/wp-json\/wp\/v2\/users\/1"}],"replies":[{"embeddable":true,"href":"https:\/\/www.chapelle-sainte-rita.com\/es\/wp-json\/wp\/v2\/comments?post=13537"}],"version-history":[{"count":3,"href":"https:\/\/www.chapelle-sainte-rita.com\/es\/wp-json\/wp\/v2\/posts\/13537\/revisions"}],"predecessor-version":[{"id":13606,"href":"https:\/\/www.chapelle-sainte-rita.com\/es\/wp-json\/wp\/v2\/posts\/13537\/revisions\/13606"}],"wp:featuredmedia":[{"embeddable":true,"href":"https:\/\/www.chapelle-sainte-rita.com\/es\/wp-json\/wp\/v2\/media\/13531"}],"wp:attachment":[{"href":"https:\/\/www.chapelle-sainte-rita.com\/es\/wp-json\/wp\/v2\/media?parent=13537"}],"wp:term":[{"taxonomy":"category","embeddable":true,"href":"https:\/\/www.chapelle-sainte-rita.com\/es\/wp-json\/wp\/v2\/categories?post=13537"},{"taxonomy":"post_tag","embeddable":true,"href":"https:\/\/www.chapelle-sainte-rita.com\/es\/wp-json\/wp\/v2\/tags?post=13537"}],"curies":[{"name":"wp","href":"https:\/\/api.w.org\/{rel}","templated":true}]}}