{"id":6151,"date":"2024-12-01T14:23:04","date_gmt":"2024-12-01T13:23:04","guid":{"rendered":"https:\/\/www.chapelle-sainte-rita.com\/iglesia-frente-a-basilica-capilla-catedral\/"},"modified":"2024-12-13T12:04:33","modified_gmt":"2024-12-13T11:04:33","slug":"iglesia-frente-a-basilica-capilla-catedral","status":"publish","type":"post","link":"https:\/\/www.chapelle-sainte-rita.com\/es\/iglesia-frente-a-basilica-capilla-catedral\/","title":{"rendered":"Iglesia &#8211; Capilla &#8211; Santuario &#8211; Catedral&#8230;"},"content":{"rendered":"\n<p>\u00bfTe has preguntado alguna vez <strong>por qu\u00e9 este edificio que podr\u00eda haberse llamado iglesia era en realidad una capilla?<\/strong> \u00bfY por qu\u00e9 este enorme edificio result\u00f3 ser una bas\u00edlica y no una catedral? \u00bfTiene que ver con su tama\u00f1o, la \u00e9poca en que se construy\u00f3 o la comunidad que lo ocupa? \u00bfEs una cuesti\u00f3n de reliquias o de santos? Quitamos el misterio a la diferencia entre ambos nombres compartiendo nuestras <strong>respuestas<\/strong>.   <\/p>\n\n<p>El t\u00e9rmino \u00abIglesia\u00bb, con may\u00fascula, se refiere en sentido amplio a todos los creyentes bautizados en Jesucristo resucitado. Su jefe espiritual es el Papa.<br\/><br\/>Se organiza en parroquias y di\u00f3cesis. Desde el siglo<sup>III<\/sup>, una iglesia tambi\u00e9n significa un edificio dedicado al culto cristiano, donde los miembros de la Iglesia se re\u00fanen para celebrar misa. Las catedrales, bas\u00edlicas, capillas, abad\u00edas, prioratos y colegiatas son iglesias dedicadas a la celebraci\u00f3n del culto. He aqu\u00ed algunas definiciones que te ayudar\u00e1n a dilucidar las diferencias entre ellas.   <\/p>\n\n<p><strong>Catedral<\/strong><\/p>\n\n<p>Es la iglesia principal de una di\u00f3cesis, donde se encuentra la sede del obispo local, s\u00edmbolo de su autoridad y misi\u00f3n apost\u00f3lica.<br\/>Toma su nombre de la c\u00e1tedra, el asiento reservado al obispo. Chartres, Le Puy-en-Velay. <\/p>\n\n<p><strong>Iglesia abacial<\/strong><\/p>\n\n<p>Se refiere a la iglesia de una abad\u00eda.<br\/>La iglesia abacial siempre est\u00e1 rodeada de un monasterio, un claustro y diversas dependencias como un refectorio, una biblioteca, etc. Le Mont Saint Michel. <\/p>\n\n<p><strong>Bas\u00edlica<\/strong><\/p>\n\n<p><br\/>El t\u00e9rmino Bas\u00edlica se remonta a la \u00e9poca romana, cuando los cristianos construyeron sus primeras iglesias siguiendo el modelo de los edificios p\u00fablicos \u00abbas\u00edlicas\u00bb del Imperio Romano. Se trata de una iglesia particular que obtiene su t\u00edtulo por decisi\u00f3n papal porque est\u00e1 construida sobre la tumba de un santo, contiene reliquias o porque el lugar es objeto de una peregrinaci\u00f3n.<br\/>U <strong>na catedral tambi\u00e9n puede ser una bas\u00edlica<\/strong> si cumple las condiciones enumeradas anteriormente. Lisieux, Saint-Maximin et La Sainte-Baume, Lourdes, Ars-sur-Formans, Paray-le-Monial, Thierenbach, V\u00e9zelay, Rocamadour, Lalouvesc, La Salette, Alen\u00e7on, Le Puy-en-Velay, Chartres.<\/p>\n\n<p><strong>Capilla<\/strong><\/p>\n\n<p>Puede referirse a una iglesia que no tiene el estatus de iglesia parroquial, a una sala reservada al culto en un lugar privado, como un castillo, una casa o un seminario. Las capillas tambi\u00e9n se encuentran en los laterales de una iglesia.<br\/>Sin embargo, <strong>siempre tienen un altar<\/strong>, y a veces contienen reliquias sagradas. Alen\u00e7on, Nevers&#8230;  <\/p>\n\n<p><strong>Priorato<\/strong><\/p>\n\n<p><strong>Iglesia bajo la autoridad de una priora<\/strong>.<br\/>Est\u00e1 adosada a un priorato y antiguamente estaba reservada a los monjes. Souvigny, Paray-le-Monial <\/p>\n\n<p><strong>Colegiata<\/strong><\/p>\n\n<p>Sigue llam\u00e1ndose as\u00ed, pero esta iglesia, confiada a un colegio o cap\u00edtulo -un grupo- de sacerdotes llamados can\u00f3nigos, ya no recibe necesariamente el Oficio Divino cantado, que era su especificidad original.<\/p>\n","protected":false},"excerpt":{"rendered":"<p>\u00bfTe has preguntado alguna vez por qu\u00e9 este edificio que podr\u00eda haberse llamado iglesia era en realidad una capilla? \u00bfY por qu\u00e9 este enorme edificio result\u00f3 ser una bas\u00edlica y no una catedral? \u00bfTiene que ver con su tama\u00f1o, la \u00e9poca en que se construy\u00f3 o la comunidad que lo ocupa? \u00bfEs una cuesti\u00f3n de [&hellip;]<\/p>\n","protected":false},"author":1,"featured_media":6530,"comment_status":"closed","ping_status":"closed","sticky":false,"template":"","format":"standard","meta":{"footnotes":""},"categories":[72],"tags":[],"class_list":["post-6151","post","type-post","status-publish","format-standard","has-post-thumbnail","hentry","category-noticias"],"_links":{"self":[{"href":"https:\/\/www.chapelle-sainte-rita.com\/es\/wp-json\/wp\/v2\/posts\/6151","targetHints":{"allow":["GET"]}}],"collection":[{"href":"https:\/\/www.chapelle-sainte-rita.com\/es\/wp-json\/wp\/v2\/posts"}],"about":[{"href":"https:\/\/www.chapelle-sainte-rita.com\/es\/wp-json\/wp\/v2\/types\/post"}],"author":[{"embeddable":true,"href":"https:\/\/www.chapelle-sainte-rita.com\/es\/wp-json\/wp\/v2\/users\/1"}],"replies":[{"embeddable":true,"href":"https:\/\/www.chapelle-sainte-rita.com\/es\/wp-json\/wp\/v2\/comments?post=6151"}],"version-history":[{"count":2,"href":"https:\/\/www.chapelle-sainte-rita.com\/es\/wp-json\/wp\/v2\/posts\/6151\/revisions"}],"predecessor-version":[{"id":6543,"href":"https:\/\/www.chapelle-sainte-rita.com\/es\/wp-json\/wp\/v2\/posts\/6151\/revisions\/6543"}],"wp:featuredmedia":[{"embeddable":true,"href":"https:\/\/www.chapelle-sainte-rita.com\/es\/wp-json\/wp\/v2\/media\/6530"}],"wp:attachment":[{"href":"https:\/\/www.chapelle-sainte-rita.com\/es\/wp-json\/wp\/v2\/media?parent=6151"}],"wp:term":[{"taxonomy":"category","embeddable":true,"href":"https:\/\/www.chapelle-sainte-rita.com\/es\/wp-json\/wp\/v2\/categories?post=6151"},{"taxonomy":"post_tag","embeddable":true,"href":"https:\/\/www.chapelle-sainte-rita.com\/es\/wp-json\/wp\/v2\/tags?post=6151"}],"curies":[{"name":"wp","href":"https:\/\/api.w.org\/{rel}","templated":true}]}}