{"id":7783,"date":"2024-12-01T16:24:30","date_gmt":"2024-12-01T15:24:30","guid":{"rendered":"https:\/\/www.chapelle-sainte-rita.com\/la-inmaculada-concepcion-un-enfoque-teologico\/"},"modified":"2024-12-13T12:04:13","modified_gmt":"2024-12-13T11:04:13","slug":"la-inmaculada-concepcion-un-enfoque-teologico","status":"publish","type":"post","link":"https:\/\/www.chapelle-sainte-rita.com\/es\/la-inmaculada-concepcion-un-enfoque-teologico\/","title":{"rendered":"La Inmaculada Concepci\u00f3n: un enfoque teol\u00f3gico"},"content":{"rendered":"\n<p>El 8 de diciembre celebramos la Inmaculada Concepci\u00f3n: \u00bfpodr\u00eda haber nacido Mar\u00eda sin pecado? \u00bfQu\u00e9 dice la Escritura? Si nos fijamos en cualquiera de nuestros amigos evangelistas, vemos muy claramente la presencia de Mar\u00eda a lo largo de la vida de Jes\u00fas, desde la Anunciaci\u00f3n hasta la Ascensi\u00f3n, e incluso mientras esperaba al Esp\u00edritu.<\/p>\n\n<p>Hablamos de la virginidad de Mar\u00eda y de que estaba \u00abllena de gracia\u00bb en la Anunciaci\u00f3n, pero no de su concepci\u00f3n inmaculada. Sin embargo, a medida que la Iglesia descubre m\u00e1s sobre qui\u00e9n es Jes\u00fas y nos une en una fe com\u00fan en el \u00abCristo de la Historia\u00bb, re\u00fane en \u00abdefiniciones\u00bb lo que constituye la belleza de nuestra fe en \u00c9l y tambi\u00e9n, mediante \u00abvasos comunicantes\u00bb, la belleza y la grandeza de esta humilde mujer de Palestina. Al hablar de Jes\u00fas, de su humanidad y de su divinidad, una u otra de las cuales pod\u00edan ser impugnadas por corrientes divisorias -y hab\u00eda muchas otras-, la reflexi\u00f3n de la Iglesia primitiva hizo surgir nuestro<em> Credo<\/em>, que profesamos cada domingo.  <\/p>\n\n<p>Una de ellas, expuesta l\u00f3gicamente, era \u00e9sta: si Jes\u00fas es el Hijo de Dios, entonces Mar\u00eda es la madre de Dios. Y, si llevamos esto a su conclusi\u00f3n l\u00f3gica, podemos deducir que no se vio afectada por el pecado debido a su vocaci\u00f3n personal y particular. No por alg\u00fan m\u00e9rito personal, sino por la gratuidad de Dios hacia la persona que lo llevara.<\/p>\n\n<p>Lo sorprendente aqu\u00ed es la capacidad que Dios da al hombre para pensar por s\u00ed mismo y, utilizando su inteligencia, iluminada por el Esp\u00edritu, llegar a conclusiones sobre verdades que est\u00e1n m\u00e1s all\u00e1 de \u00e9l mismo. De hecho, es imposible que el hombre hubiera podido inventar por s\u00ed mismo un dogma tan \u00abloco\u00bb sin parecer \u00e9l mismo un loco. Es, por tanto, fruto de la inteligencia al servicio de la Verdad, de la puesta en com\u00fan, de la reflexi\u00f3n a lo largo del tiempo y, sobre todo, de ir m\u00e1s all\u00e1 de los or\u00edgenes de los hombres y mujeres que llevaron esta \u00abrevelaci\u00f3n\u00bb a su apogeo. As\u00ed pues, \u00a1somos herederos!   <\/p>\n\n<p>Para nosotros, cat\u00f3licos, Mar\u00eda lleva en su ser lo que llevar\u00e1 en su carne: la realizaci\u00f3n de la obra de la Salvaci\u00f3n. Por anticipaci\u00f3n, inscrita ya en la redenci\u00f3n ofrecida por la Encarnaci\u00f3n, Mar\u00eda vivir\u00e1 una \u00abvida nueva\u00bb, convirti\u00e9ndose, sin saberlo, en las primicias de una nueva era en la que el pecado del pasado ser\u00e1 completamente borrado. Por eso, hoy es consciente de la gracia que ha recibido, pero la vive para la Iglesia que somos todos juntos. Como misionera, nos invita a dejar que Cristo realice en nosotros nuestra plena liberaci\u00f3n, mientras nuestra vida espiritual se sit\u00faa entre un \u00abya\u00bb y un \u00abtodav\u00eda no\u00bb. Somos portadores de una gracia progresiva cuya meta final es nuestra propia iluminaci\u00f3n en el coraz\u00f3n de Dios.    <\/p>\n\n<p>P. Fran\u00e7ois Lapointe omv, rector del santuario<\/p>\n\n<p><\/p>\n","protected":false},"excerpt":{"rendered":"<p>El 8 de diciembre celebramos la Inmaculada Concepci\u00f3n: \u00bfpodr\u00eda haber nacido Mar\u00eda sin pecado? \u00bfQu\u00e9 dice la Escritura? Si nos fijamos en cualquiera de nuestros amigos evangelistas, vemos muy claramente la presencia de Mar\u00eda a lo largo de la vida de Jes\u00fas, desde la Anunciaci\u00f3n hasta la Ascensi\u00f3n, e incluso mientras esperaba al Esp\u00edritu. Hablamos [&hellip;]<\/p>\n","protected":false},"author":1,"featured_media":6595,"comment_status":"closed","ping_status":"closed","sticky":false,"template":"","format":"standard","meta":{"footnotes":""},"categories":[80],"tags":[],"class_list":["post-7783","post","type-post","status-publish","format-standard","has-post-thumbnail","hentry","category-formacion"],"_links":{"self":[{"href":"https:\/\/www.chapelle-sainte-rita.com\/es\/wp-json\/wp\/v2\/posts\/7783","targetHints":{"allow":["GET"]}}],"collection":[{"href":"https:\/\/www.chapelle-sainte-rita.com\/es\/wp-json\/wp\/v2\/posts"}],"about":[{"href":"https:\/\/www.chapelle-sainte-rita.com\/es\/wp-json\/wp\/v2\/types\/post"}],"author":[{"embeddable":true,"href":"https:\/\/www.chapelle-sainte-rita.com\/es\/wp-json\/wp\/v2\/users\/1"}],"replies":[{"embeddable":true,"href":"https:\/\/www.chapelle-sainte-rita.com\/es\/wp-json\/wp\/v2\/comments?post=7783"}],"version-history":[{"count":3,"href":"https:\/\/www.chapelle-sainte-rita.com\/es\/wp-json\/wp\/v2\/posts\/7783\/revisions"}],"predecessor-version":[{"id":8309,"href":"https:\/\/www.chapelle-sainte-rita.com\/es\/wp-json\/wp\/v2\/posts\/7783\/revisions\/8309"}],"wp:featuredmedia":[{"embeddable":true,"href":"https:\/\/www.chapelle-sainte-rita.com\/es\/wp-json\/wp\/v2\/media\/6595"}],"wp:attachment":[{"href":"https:\/\/www.chapelle-sainte-rita.com\/es\/wp-json\/wp\/v2\/media?parent=7783"}],"wp:term":[{"taxonomy":"category","embeddable":true,"href":"https:\/\/www.chapelle-sainte-rita.com\/es\/wp-json\/wp\/v2\/categories?post=7783"},{"taxonomy":"post_tag","embeddable":true,"href":"https:\/\/www.chapelle-sainte-rita.com\/es\/wp-json\/wp\/v2\/tags?post=7783"}],"curies":[{"name":"wp","href":"https:\/\/api.w.org\/{rel}","templated":true}]}}