{"id":7811,"date":"2024-09-19T07:11:00","date_gmt":"2024-09-19T05:11:00","guid":{"rendered":"https:\/\/www.chapelle-sainte-rita.com\/jornada-de-puertas-abiertas-para-el-personal-de-la-diocesis-de-nanterre\/"},"modified":"2024-12-13T12:34:04","modified_gmt":"2024-12-13T11:34:04","slug":"jornada-de-puertas-abiertas-para-el-personal-de-la-diocesis-de-nanterre","status":"publish","type":"post","link":"https:\/\/www.chapelle-sainte-rita.com\/es\/jornada-de-puertas-abiertas-para-el-personal-de-la-diocesis-de-nanterre\/","title":{"rendered":"Jornada de vuelta al cole para el personal del Obispado de Nanterre"},"content":{"rendered":"\n<p>El 19 de septiembre, todo el personal de los distintos departamentos de la Maison dioc\u00e9saine de Nanterre se reuni\u00f3 con <strong>Mons. Matthieu ROUGE <\/strong>y el Vicario General, <strong>el Padre Georges Vandenbeusch<\/strong>, para comenzar juntos el a\u00f1o 2024-2025, y establecer y compartir los objetivos que hay que alcanzar, los retos que hay que superar y los grandes acontecimientos que marcar\u00e1n los pr\u00f3ximos meses, entre ellos el 1700 aniversario del Concilio de Nicea.<\/p>\n\n<p>Este encuentro pretend\u00eda ser tambi\u00e9n un tiempo de fraternidad para todos, as\u00ed como un tiempo com\u00fan de oraci\u00f3n en torno a la figura de Santa Rita, modelo de perseverancia en la acci\u00f3n pastoral. All\u00ed se celebr\u00f3 la misa, y una presentaci\u00f3n de nuestro santuario dio a muchos la oportunidad de conocer su existencia, la belleza del lugar y la practicidad de la acogida.<\/p>\n\n<p>\u00a1El entusiasmo estaba a la orden del d\u00eda!<\/p>\n","protected":false},"excerpt":{"rendered":"<p>El 19 de septiembre, todo el personal de los distintos departamentos de la Maison dioc\u00e9saine de Nanterre se reuni\u00f3 con Mons. Matthieu ROUGE y el Vicario General, el Padre Georges Vandenbeusch, para comenzar juntos el a\u00f1o 2024-2025, y establecer y compartir los objetivos que hay que alcanzar, los retos que hay que superar y los [&hellip;]<\/p>\n","protected":false},"author":1,"featured_media":7250,"comment_status":"closed","ping_status":"open","sticky":false,"template":"","format":"standard","meta":{"footnotes":""},"categories":[72,58],"tags":[],"class_list":["post-7811","post","type-post","status-publish","format-standard","has-post-thumbnail","hentry","category-noticias","category-sin-categorizar"],"_links":{"self":[{"href":"https:\/\/www.chapelle-sainte-rita.com\/es\/wp-json\/wp\/v2\/posts\/7811","targetHints":{"allow":["GET"]}}],"collection":[{"href":"https:\/\/www.chapelle-sainte-rita.com\/es\/wp-json\/wp\/v2\/posts"}],"about":[{"href":"https:\/\/www.chapelle-sainte-rita.com\/es\/wp-json\/wp\/v2\/types\/post"}],"author":[{"embeddable":true,"href":"https:\/\/www.chapelle-sainte-rita.com\/es\/wp-json\/wp\/v2\/users\/1"}],"replies":[{"embeddable":true,"href":"https:\/\/www.chapelle-sainte-rita.com\/es\/wp-json\/wp\/v2\/comments?post=7811"}],"version-history":[{"count":3,"href":"https:\/\/www.chapelle-sainte-rita.com\/es\/wp-json\/wp\/v2\/posts\/7811\/revisions"}],"predecessor-version":[{"id":8363,"href":"https:\/\/www.chapelle-sainte-rita.com\/es\/wp-json\/wp\/v2\/posts\/7811\/revisions\/8363"}],"wp:featuredmedia":[{"embeddable":true,"href":"https:\/\/www.chapelle-sainte-rita.com\/es\/wp-json\/wp\/v2\/media\/7250"}],"wp:attachment":[{"href":"https:\/\/www.chapelle-sainte-rita.com\/es\/wp-json\/wp\/v2\/media?parent=7811"}],"wp:term":[{"taxonomy":"category","embeddable":true,"href":"https:\/\/www.chapelle-sainte-rita.com\/es\/wp-json\/wp\/v2\/categories?post=7811"},{"taxonomy":"post_tag","embeddable":true,"href":"https:\/\/www.chapelle-sainte-rita.com\/es\/wp-json\/wp\/v2\/tags?post=7811"}],"curies":[{"name":"wp","href":"https:\/\/api.w.org\/{rel}","templated":true}]}}