{"id":9401,"date":"2025-01-10T06:00:00","date_gmt":"2025-01-10T05:00:00","guid":{"rendered":"https:\/\/www.chapelle-sainte-rita.com\/viernes-de-epifania\/"},"modified":"2025-01-10T06:00:05","modified_gmt":"2025-01-10T05:00:05","slug":"viernes-de-epifania","status":"publish","type":"post","link":"https:\/\/www.chapelle-sainte-rita.com\/es\/viernes-de-epifania\/","title":{"rendered":"Viernes de Epifan\u00eda"},"content":{"rendered":"\n<h4 class=\"wp-block-heading\">SERM\u00d3N DE EPIFAN\u00cdA DE SAN MAXIME DE TUR\u00cdN<\/h4>\n\n<p><strong>Los misterios del bautismo del Se\u00f1or<\/strong><br \/><br \/>El Evangelio relata que el Se\u00f1or fue al Jord\u00e1n para ser bautizado y que quiso consagrarse en ese r\u00edo a los misterios celestiales. ~<br \/><br \/>De hecho, es apropiado que despu\u00e9s del d\u00eda del nacimiento del Salvador -muchos a\u00f1os despu\u00e9s, pero al mismo tiempo- llegue esta fiesta, que en mi opini\u00f3n deber\u00eda llamarse tambi\u00e9n la fiesta de su natividad.<br \/><br \/>Nacido entonces para la humanidad, renace hoy en los sacramentos. Entonces, fue tra\u00eddo al mundo por la Virgen, hoy ha sido engendrado por el misterio. ~ All\u00ed, cuando naci\u00f3 en nuestra humanidad, su madre Mar\u00eda lo calent\u00f3 en su seno; aqu\u00ed, cuando fue engendrado seg\u00fan el misterio, Dios Padre lo acogi\u00f3 con su palabra. \u00c9l dijo     <em>\u00c9ste es mi Hijo, en quien tengo complacencia. Escuchadle <\/em>. Su Madre, al darle a luz, lo acarici\u00f3 tiernamente sobre su pecho, el Padre lo sostuvo con un testimonio afectuoso; su Madre lo present\u00f3 a la adoraci\u00f3n de los Magos, el Padre lo mostr\u00f3 a las naciones para que lo veneraran. ~<br \/><br \/>El Se\u00f1or Jes\u00fas vino al bautismo, y quiso que su sant\u00edsimo cuerpo fuera lavado con agua.<br \/><br \/>Alguien puede decir: \u00abEl que es santo, \u00bfpor qu\u00e9 ha querido bautizarse? Pues escucha. Cristo se bautiza no para ser santificado por el agua, sino para santificar \u00e9l mismo el agua y purificar con su pureza las aguas que toca. La consagraci\u00f3n de Cristo es, de hecho, la consagraci\u00f3n fundamental del elemento.  <br \/><br \/>Cuando el Salvador es lavado, es entonces cuando el agua queda totalmente purificada de antemano para nuestro bautismo; la fuente queda purificada para que, a partir de ahora, la gracia del bautismo sea administrada a los pueblos venideros. Por tanto, Cristo recibi\u00f3 el bautismo por adelantado, para que los pueblos cristianos le siguieran con confianza. <br \/><br \/>Comprendo el misterio: pues as\u00ed es como la columna de fuego atraves\u00f3 primero el Mar Rojo, para que los hijos de Israel siguieran sus pasos con intrepidez. Cruz\u00f3 primero las aguas para preparar el camino a los que vendr\u00edan despu\u00e9s. Esto, dice el Ap\u00f3stol, fue un misterio que prefiguraba el bautismo. S\u00ed, era como el bautismo, cuando la nube cubr\u00eda a los hombres y el agua los transportaba.   <br \/><br \/>Pero fue Cristo el Se\u00f1or quien provoc\u00f3 todo esto. Fue \u00e9l quien una vez precedi\u00f3 a los hijos de Israel a trav\u00e9s del mar en la columna de fuego. Del mismo modo, es \u00e9l quien ahora, mediante su bautismo, precede a los pueblos cristianos en su propio cuerpo. \u00c9l es, dir\u00eda yo, aquella columna que entonces ofrec\u00eda su luz a los ojos de los que le segu\u00edan y que ahora ofrece luz a los corazones de los creyentes. Entonces ofrec\u00eda un camino s\u00f3lido a trav\u00e9s de las aguas; ahora fortalece los pasos de la fe en el bautismo.    <\/p>\n\n<h4 class=\"wp-block-heading\">Respuesta<\/h4>\n\n<div class=\"wp-block-group is-nowrap is-layout-flex wp-container-core-group-is-layout-6c531013 wp-block-group-is-layout-flex\">\n<figure class=\"wp-block-image size-large\"><img fetchpriority=\"high\" decoding=\"async\" width=\"1024\" height=\"833\" src=\"https:\/\/www.chapelle-sainte-rita.com\/wp-content\/uploads\/2025\/01\/missel-jacques-de-beaune-rois-mages-1024x833.webp\" alt=\"\" class=\"wp-image-9372\" srcset=\"https:\/\/www.chapelle-sainte-rita.com\/wp-content\/uploads\/2025\/01\/missel-jacques-de-beaune-rois-mages-1024x833.webp 1024w, https:\/\/www.chapelle-sainte-rita.com\/wp-content\/uploads\/2025\/01\/missel-jacques-de-beaune-rois-mages-300x244.webp 300w, https:\/\/www.chapelle-sainte-rita.com\/wp-content\/uploads\/2025\/01\/missel-jacques-de-beaune-rois-mages-768x625.webp 768w, https:\/\/www.chapelle-sainte-rita.com\/wp-content\/uploads\/2025\/01\/missel-jacques-de-beaune-rois-mages.webp 1286w\" sizes=\"(max-width: 1024px) 100vw, 1024px\" \/><\/figure>\n\n\n\n<p><br \/><br \/><br \/><br \/><br \/><br \/><br \/>R\/ El amor de Dios es derramado en nuestros corazones por el Esp\u00edritu Santo. Las naciones sabr\u00e1n que yo soy el Se\u00f1or cuando mi santidad brille sobre vosotros. Os limpiar\u00e9 de todos vuestros pecados; las naciones sabr\u00e1n que yo soy el Se\u00f1or:<br \/><br \/><br \/><br \/><br \/><br \/>Yo soy el Se\u00f1or. Os dar\u00e9 un coraz\u00f3n nuevo, pondr\u00e9 un esp\u00edritu nuevo en vosotros. Pondr\u00e9 mi Esp\u00edritu en vosotros y caminar\u00e9is seg\u00fan mis estatutos.<\/p>\n<\/div>\n\n<h4 class=\"wp-block-heading\">Oraci\u00f3n<\/h4>\n\n<p>Dios todopoderoso, que por medio de una estrella nos diste a entender que hab\u00eda nacido un Salvador para el mundo; mant\u00e9n tu luz en nuestros corazones para que profundicemos en este misterio.<\/p>\n","protected":false},"excerpt":{"rendered":"<p>SERM\u00d3N DE EPIFAN\u00cdA DE SAN MAXIME DE TUR\u00cdN Los misterios del bautismo del Se\u00f1or El Evangelio relata que el Se\u00f1or fue al Jord\u00e1n para ser bautizado y que quiso consagrarse en ese r\u00edo a los misterios celestiales. ~ De hecho, es apropiado que despu\u00e9s del d\u00eda del nacimiento del Salvador -muchos a\u00f1os despu\u00e9s, pero al [&hellip;]<\/p>\n","protected":false},"author":1,"featured_media":9371,"comment_status":"closed","ping_status":"open","sticky":false,"template":"","format":"standard","meta":{"footnotes":""},"categories":[80],"tags":[],"class_list":["post-9401","post","type-post","status-publish","format-standard","has-post-thumbnail","hentry","category-formacion"],"_links":{"self":[{"href":"https:\/\/www.chapelle-sainte-rita.com\/es\/wp-json\/wp\/v2\/posts\/9401","targetHints":{"allow":["GET"]}}],"collection":[{"href":"https:\/\/www.chapelle-sainte-rita.com\/es\/wp-json\/wp\/v2\/posts"}],"about":[{"href":"https:\/\/www.chapelle-sainte-rita.com\/es\/wp-json\/wp\/v2\/types\/post"}],"author":[{"embeddable":true,"href":"https:\/\/www.chapelle-sainte-rita.com\/es\/wp-json\/wp\/v2\/users\/1"}],"replies":[{"embeddable":true,"href":"https:\/\/www.chapelle-sainte-rita.com\/es\/wp-json\/wp\/v2\/comments?post=9401"}],"version-history":[{"count":2,"href":"https:\/\/www.chapelle-sainte-rita.com\/es\/wp-json\/wp\/v2\/posts\/9401\/revisions"}],"predecessor-version":[{"id":9576,"href":"https:\/\/www.chapelle-sainte-rita.com\/es\/wp-json\/wp\/v2\/posts\/9401\/revisions\/9576"}],"wp:featuredmedia":[{"embeddable":true,"href":"https:\/\/www.chapelle-sainte-rita.com\/es\/wp-json\/wp\/v2\/media\/9371"}],"wp:attachment":[{"href":"https:\/\/www.chapelle-sainte-rita.com\/es\/wp-json\/wp\/v2\/media?parent=9401"}],"wp:term":[{"taxonomy":"category","embeddable":true,"href":"https:\/\/www.chapelle-sainte-rita.com\/es\/wp-json\/wp\/v2\/categories?post=9401"},{"taxonomy":"post_tag","embeddable":true,"href":"https:\/\/www.chapelle-sainte-rita.com\/es\/wp-json\/wp\/v2\/tags?post=9401"}],"curies":[{"name":"wp","href":"https:\/\/api.w.org\/{rel}","templated":true}]}}