{"id":9411,"date":"2025-01-06T20:19:51","date_gmt":"2025-01-06T19:19:51","guid":{"rendered":"https:\/\/www.chapelle-sainte-rita.com\/lunes-de-reyes\/"},"modified":"2025-01-06T20:38:10","modified_gmt":"2025-01-06T19:38:10","slug":"lunes-de-reyes","status":"publish","type":"post","link":"https:\/\/www.chapelle-sainte-rita.com\/es\/lunes-de-reyes\/","title":{"rendered":"Lunes de Reyes"},"content":{"rendered":"\n<h4 class=\"wp-block-heading\">SERM\u00d3N DE SAN PEDRO CRIS\u00d3LOGO PARA EPIFAN\u00cdA<\/h4>\n\n<p><strong>La Epifan\u00eda revela a Dios en el hombre<\/strong><\/p>\n\n<p>El Misterio de la Encarnaci\u00f3n del Se\u00f1or trae consigo marcas siempre reconocibles de la Divinidad. Sin embargo, la solemnidad de la Epifan\u00eda nos descubre y revela de muchas maneras que Dios vino en el cuerpo del hombre; as\u00ed nuestra condici\u00f3n mortal, siempre envuelta en la oscuridad, no corre el riesgo de perder por su ignorancia la riqueza que ha podido captar y poseer por la gracia. <br\/><br\/>Pues el que quiso nacer por nosotros no quiso ser desconocido para nosotros, y por eso se revela de tal manera que este gran misterio de la bondad divina no se convierta en ocasi\u00f3n de grandes errores.<br\/><br\/>Hoy, los magos, buscando al que brillar\u00eda entre las estrellas, lo encuentran errante en la cuna. Hoy, los magos se asombran al descubrir glorioso en sus pa\u00f1ales al que hab\u00eda estado oculto durante mucho tiempo en el cielo, donde permanec\u00eda oscuro. <br\/><br\/>Hoy, los Magos contemplan con profundo asombro lo que ven aqu\u00ed: \u00a1el cielo en la tierra, la tierra en el cielo; el hombre en Dios, Dios en el hombre; y Aquel a quien el mundo entero no puede contener, encerrado en el cuerpo de un ni\u00f1o diminuto! ~ Y nada m\u00e1s ver, proclaman que creen sin dudar, ofreciendo sus dones simb\u00f3licos: con el incienso, confiesan a Dios; con el oro, al Rey; con la mirra, su futura muerte. ~<br\/><br\/>As\u00ed es como los paganos, que eran los \u00faltimos, se convierten en los primeros; pues es entonces cuando la llegada de los paganos a la fe es inaugurada por la fe de los Magos. ~<br\/><br\/>Hoy, Cristo, que va a lavar el pecado del mundo, ha entrado en el Jord\u00e1n. El mismo Juan atestigua que ha venido con este prop\u00f3sito: <em>He aqu\u00ed el Cordero de Dios, he aqu\u00ed al que quita el pecado del mundo<\/em>. Hoy, el siervo se agarra al Se\u00f1or; el hombre, a Dios; Juan, a Cristo; se agarra a \u00e9l para recibir el perd\u00f3n, no para darlo. Hoy, como dice el Profeta: <em>La voz del Se\u00f1or domina las aguas<\/em>. \u00bfQu\u00e9 dice esta voz? <em>\u00c9ste es mi Hijo amado; en \u00e9l tengo complacencia<\/em>. ~       <br\/><br\/>Hoy, el Esp\u00edritu Santo vuela sobre las aguas en forma de paloma. Igual que otra anunci\u00f3 a No\u00e9 que el diluvio del mundo estaba retrocediendo, cuando vimos esta paloma, supimos que el inevitable hundimiento del mundo se hab\u00eda detenido. No trajo una rama de olivo como la de anta\u00f1o, sino que derram\u00f3 sobre la cabeza de nuestro l\u00edder toda la riqueza de una nueva unci\u00f3n, para cumplir la predicci\u00f3n del Profeta: <em>Dios, tu Dios, te ha ungido con alegr\u00eda, como a ninguno de tus semejantes<\/em>. ~   <br\/><br\/>Hoy, Cristo inicia los signos del cielo convirtiendo el agua en vino. ~ Pero el agua deb\u00eda cambiarse por el sacramento de la sangre, cuando Cristo derramara copas de vino a los que bebieran del vaso de su cuerpo, para que se cumpliera esta profec\u00eda: <em>\u00a1El c\u00e1liz que me embriaga, es incomparable!<\/em> <\/p>\n\n<h4 class=\"wp-block-heading\">Respuesta<\/h4>\n\n<p><br\/><br\/><br\/><br\/><br\/><br\/><br\/><br\/><br\/>R\/ Se\u00f1or Jes\u00fas, t\u00fa eres la luz del mundo. He aqu\u00ed, dice el Se\u00f1or, que yo resucitar\u00e9 a mi siervo: y har\u00e9 desaparecer la impiedad de esta tierra. Jes\u00fas vino con el poder del Esp\u00edritu y su fama se extendi\u00f3 por todas partes. El Esp\u00edritu del Se\u00f1or est\u00e1 sobre m\u00ed, dijo, porque me ha ungido.<\/p>\n\n<h4 class=\"wp-block-heading\">Oraci\u00f3n<\/h4>\n\n<p>Se\u00f1or, te rogamos que ilumines nuestros corazones con tu luz soberana: entonces encontraremos la fuerza para avanzar a trav\u00e9s de un mundo oscuro hasta alcanzar la tierra del d\u00eda sin fin.<\/p>\n\n<figure class=\"wp-block-image size-full\"><img fetchpriority=\"high\" decoding=\"async\" width=\"800\" height=\"829\" src=\"https:\/\/www.chapelle-sainte-rita.com\/wp-content\/uploads\/2025\/01\/Matthias_stom_the_adoration_of_the_magi.jpg\" alt=\"\" class=\"wp-image-9327\" srcset=\"https:\/\/www.chapelle-sainte-rita.com\/wp-content\/uploads\/2025\/01\/Matthias_stom_the_adoration_of_the_magi.jpg 800w, https:\/\/www.chapelle-sainte-rita.com\/wp-content\/uploads\/2025\/01\/Matthias_stom_the_adoration_of_the_magi-290x300.jpg 290w, https:\/\/www.chapelle-sainte-rita.com\/wp-content\/uploads\/2025\/01\/Matthias_stom_the_adoration_of_the_magi-768x796.jpg 768w\" sizes=\"(max-width: 800px) 100vw, 800px\" \/><\/figure>\n","protected":false},"excerpt":{"rendered":"<p>SERM\u00d3N DE SAN PEDRO CRIS\u00d3LOGO PARA EPIFAN\u00cdA La Epifan\u00eda revela a Dios en el hombre El Misterio de la Encarnaci\u00f3n del Se\u00f1or trae consigo marcas siempre reconocibles de la Divinidad. Sin embargo, la solemnidad de la Epifan\u00eda nos descubre y revela de muchas maneras que Dios vino en el cuerpo del hombre; as\u00ed nuestra condici\u00f3n [&hellip;]<\/p>\n","protected":false},"author":1,"featured_media":9326,"comment_status":"closed","ping_status":"open","sticky":false,"template":"","format":"standard","meta":{"footnotes":""},"categories":[80],"tags":[],"class_list":["post-9411","post","type-post","status-publish","format-standard","has-post-thumbnail","hentry","category-formacion"],"_links":{"self":[{"href":"https:\/\/www.chapelle-sainte-rita.com\/es\/wp-json\/wp\/v2\/posts\/9411","targetHints":{"allow":["GET"]}}],"collection":[{"href":"https:\/\/www.chapelle-sainte-rita.com\/es\/wp-json\/wp\/v2\/posts"}],"about":[{"href":"https:\/\/www.chapelle-sainte-rita.com\/es\/wp-json\/wp\/v2\/types\/post"}],"author":[{"embeddable":true,"href":"https:\/\/www.chapelle-sainte-rita.com\/es\/wp-json\/wp\/v2\/users\/1"}],"replies":[{"embeddable":true,"href":"https:\/\/www.chapelle-sainte-rita.com\/es\/wp-json\/wp\/v2\/comments?post=9411"}],"version-history":[{"count":1,"href":"https:\/\/www.chapelle-sainte-rita.com\/es\/wp-json\/wp\/v2\/posts\/9411\/revisions"}],"predecessor-version":[{"id":9413,"href":"https:\/\/www.chapelle-sainte-rita.com\/es\/wp-json\/wp\/v2\/posts\/9411\/revisions\/9413"}],"wp:featuredmedia":[{"embeddable":true,"href":"https:\/\/www.chapelle-sainte-rita.com\/es\/wp-json\/wp\/v2\/media\/9326"}],"wp:attachment":[{"href":"https:\/\/www.chapelle-sainte-rita.com\/es\/wp-json\/wp\/v2\/media?parent=9411"}],"wp:term":[{"taxonomy":"category","embeddable":true,"href":"https:\/\/www.chapelle-sainte-rita.com\/es\/wp-json\/wp\/v2\/categories?post=9411"},{"taxonomy":"post_tag","embeddable":true,"href":"https:\/\/www.chapelle-sainte-rita.com\/es\/wp-json\/wp\/v2\/tags?post=9411"}],"curies":[{"name":"wp","href":"https:\/\/api.w.org\/{rel}","templated":true}]}}