{"id":9429,"date":"2025-01-08T06:00:00","date_gmt":"2025-01-08T05:00:00","guid":{"rendered":"https:\/\/www.chapelle-sainte-rita.com\/miercoles-de-epifania\/"},"modified":"2025-01-08T06:00:02","modified_gmt":"2025-01-08T05:00:02","slug":"miercoles-de-epifania","status":"publish","type":"post","link":"https:\/\/www.chapelle-sainte-rita.com\/es\/miercoles-de-epifania\/","title":{"rendered":"Mi\u00e9rcoles de Epifan\u00eda"},"content":{"rendered":"\n<h4 class=\"wp-block-heading\">SERM\u00d3N DE SAN PROCLUS DE CONSTANTINOPLA PARA EL BAUTISMO DE CRISTO<\/h4>\n\n<p><strong>\u00abLuz de luz, oh Cristo, hoy has aparecido\u00bb&#8230;<\/strong><br \/><br \/>Cristo se manifest\u00f3 al mundo, devolvi\u00f3 a este mundo el caos, le devolvi\u00f3 su esplendor. Asumi\u00f3 el pecado del mundo y venci\u00f3 al enemigo del mundo. Santific\u00f3 los manantiales de agua e ilumin\u00f3 las almas de los hombres. A los milagros que ha realizado ha a\u00f1adido otros a\u00fan mayores.   <br \/><br \/>Hoy, en efecto, la tierra y el mar han participado de la gracia del Salvador, y el mundo entero se ha llenado de alegr\u00eda; y la fiesta de hoy muestra un aumento de maravillas en comparaci\u00f3n con la fiesta anterior.<br \/><br \/>Pero hoy, con la fiesta de las Teofan\u00edas, es el mar el que se alegra, se alegra porque a trav\u00e9s del Jord\u00e1n ha recibido la bendici\u00f3n que lo santifica.<br \/><br \/>La fiesta anterior nos mostraba a un ni\u00f1o pobre que manifestaba nuestra pobreza. La fiesta de hoy nos lo muestra en su perfecci\u00f3n, sugiriendo que es el Ser perfecto, nacido del Ser perfecto. ~ Para los Magos, el Rey estaba vestido con la p\u00farpura de su cuerpo. Hoy, en el bautismo, el que es la Fuente se envuelve en el agua del r\u00edo.   <br \/><br \/>Vamos, mira estas maravillas incre\u00edbles: el Sol de Justicia ba\u00f1\u00e1ndose en el Jord\u00e1n, el Fuego sumergido en el agua, \u00a1Dios santificado por un hombre!<br \/><br \/>Hoy toda la creaci\u00f3n estalla en alabanzas y grita: <em>\u00a1Bendito el que viene en nombre del Se\u00f1or!<\/em> Bendito el que viene en todo tiempo, porque \u00e9sta no es su primera venida. ~<br \/><br \/>\u00bfY qui\u00e9n es \u00e9l? D\u00ednoslo claramente, bendito David: <em>Dios, el Se\u00f1or, nos ilumina<\/em>. El profeta David no es el \u00fanico que nos lo dice; el ap\u00f3stol Pablo a\u00f1ade su testimonio cuando proclama:    <em>La gracia de Dios se ha manifestado para la salvaci\u00f3n de todos los hombres. Nos instruye <\/em>. Elle ne s\u2019est pas manifest\u00e9e pour le salut de certains hommes, mais <em>pour le salut<\/em> de tous. Car c\u2019est \u00e0 tous, Juifs aussi bien que non-Juifs, qu\u2019elle accorde le salut par le bapt\u00eame, qu\u2019elle offre le bapt\u00eame comme un bienfait universel.  <br \/><br \/>Vamos, mira este asombroso diluvio, muy superior al de la \u00e9poca de No\u00e9. Entonces, el agua del diluvio mat\u00f3 a la humanidad; hoy, el agua del bautismo, por el poder de Aquel que fue bautizado, devuelve la vida a los muertos. ~ Entonces, una paloma, que llevaba una rama de olivo en el pico, prefiguraba el buen olor de Cristo. Hoy, el Esp\u00edritu Santo, apareciendo bajo la apariencia de una paloma, nos muestra cu\u00e1n misericordioso es el Se\u00f1or.   <\/p>\n\n<h4 class=\"wp-block-heading\">Respuesta<\/h4>\n\n<p><br \/><br \/><br \/><br \/><br \/><br \/><br \/><br \/><br \/><br \/>El mundo se abre a la vida, <strong>El<\/strong> hombre recibe el Esp\u00edritu, el soplo del Alt\u00edsimo un pueblo nuevo se levanta, de todas las razas, lenguas y fronteras. R\/ Para convertirse en el cuerpo de Jesucristo y transformar la faz de la tierra. En el Esp\u00edritu Santo ser\u00e1s bautizado:<\/p>\n\n<h4 class=\"wp-block-heading\">Oraci\u00f3n<\/h4>\n\n<p>Se\u00f1or Dios nuestro, sol que brillas sobre todas las naciones, haz que los pueblos de la tierra vivan en paz, y suscita en nuestros corazones la luz maravillosa que gui\u00f3 a los Magos hacia tu Hijo. El que reina. <\/p>\n\n<figure class=\"wp-block-image aligncenter size-full\"><img fetchpriority=\"high\" decoding=\"async\" width=\"337\" height=\"429\" src=\"https:\/\/www.chapelle-sainte-rita.com\/wp-content\/uploads\/2025\/01\/ob_b169ee_epiphanie-2020.jpg\" alt=\"\" class=\"wp-image-9352\" srcset=\"https:\/\/www.chapelle-sainte-rita.com\/wp-content\/uploads\/2025\/01\/ob_b169ee_epiphanie-2020.jpg 337w, https:\/\/www.chapelle-sainte-rita.com\/wp-content\/uploads\/2025\/01\/ob_b169ee_epiphanie-2020-236x300.jpg 236w\" sizes=\"(max-width: 337px) 100vw, 337px\" \/><\/figure>\n","protected":false},"excerpt":{"rendered":"<p>SERM\u00d3N DE SAN PROCLUS DE CONSTANTINOPLA PARA EL BAUTISMO DE CRISTO \u00abLuz de luz, oh Cristo, hoy has aparecido\u00bb&#8230; Cristo se manifest\u00f3 al mundo, devolvi\u00f3 a este mundo el caos, le devolvi\u00f3 su esplendor. Asumi\u00f3 el pecado del mundo y venci\u00f3 al enemigo del mundo. Santific\u00f3 los manantiales de agua e ilumin\u00f3 las almas de [&hellip;]<\/p>\n","protected":false},"author":1,"featured_media":9347,"comment_status":"closed","ping_status":"open","sticky":false,"template":"","format":"standard","meta":{"footnotes":""},"categories":[80],"tags":[],"class_list":["post-9429","post","type-post","status-publish","format-standard","has-post-thumbnail","hentry","category-formacion"],"_links":{"self":[{"href":"https:\/\/www.chapelle-sainte-rita.com\/es\/wp-json\/wp\/v2\/posts\/9429","targetHints":{"allow":["GET"]}}],"collection":[{"href":"https:\/\/www.chapelle-sainte-rita.com\/es\/wp-json\/wp\/v2\/posts"}],"about":[{"href":"https:\/\/www.chapelle-sainte-rita.com\/es\/wp-json\/wp\/v2\/types\/post"}],"author":[{"embeddable":true,"href":"https:\/\/www.chapelle-sainte-rita.com\/es\/wp-json\/wp\/v2\/users\/1"}],"replies":[{"embeddable":true,"href":"https:\/\/www.chapelle-sainte-rita.com\/es\/wp-json\/wp\/v2\/comments?post=9429"}],"version-history":[{"count":2,"href":"https:\/\/www.chapelle-sainte-rita.com\/es\/wp-json\/wp\/v2\/posts\/9429\/revisions"}],"predecessor-version":[{"id":9531,"href":"https:\/\/www.chapelle-sainte-rita.com\/es\/wp-json\/wp\/v2\/posts\/9429\/revisions\/9531"}],"wp:featuredmedia":[{"embeddable":true,"href":"https:\/\/www.chapelle-sainte-rita.com\/es\/wp-json\/wp\/v2\/media\/9347"}],"wp:attachment":[{"href":"https:\/\/www.chapelle-sainte-rita.com\/es\/wp-json\/wp\/v2\/media?parent=9429"}],"wp:term":[{"taxonomy":"category","embeddable":true,"href":"https:\/\/www.chapelle-sainte-rita.com\/es\/wp-json\/wp\/v2\/categories?post=9429"},{"taxonomy":"post_tag","embeddable":true,"href":"https:\/\/www.chapelle-sainte-rita.com\/es\/wp-json\/wp\/v2\/tags?post=9429"}],"curies":[{"name":"wp","href":"https:\/\/api.w.org\/{rel}","templated":true}]}}