{"id":11557,"date":"2025-02-02T16:55:35","date_gmt":"2025-02-02T15:55:35","guid":{"rendered":"https:\/\/www.chapelle-sainte-rita.com\/accademia-di-polizia-di-saint-malo\/"},"modified":"2025-03-13T11:36:34","modified_gmt":"2025-03-13T10:36:34","slug":"accademia-di-polizia-di-saint-malo","status":"publish","type":"post","link":"https:\/\/www.chapelle-sainte-rita.com\/it\/accademia-di-polizia-di-saint-malo\/","title":{"rendered":"Accademia di polizia di Saint-Malo"},"content":{"rendered":"\t\t<div data-elementor-type=\"wp-post\" data-elementor-id=\"11557\" class=\"elementor elementor-11557 elementor-10552\" data-elementor-post-type=\"post\">\n\t\t\t\t<div class=\"elementor-element elementor-element-6021998 e-flex e-con-boxed e-con e-parent\" data-id=\"6021998\" data-element_type=\"container\" data-e-type=\"container\">\n\t\t\t\t\t<div class=\"e-con-inner\">\n\t\t\t\t<div class=\"elementor-element elementor-element-2efa16ca elementor-widget elementor-widget-text-editor\" data-id=\"2efa16ca\" data-element_type=\"widget\" data-e-type=\"widget\" data-widget_type=\"text-editor.default\">\n\t\t\t\t<div class=\"elementor-widget-container\">\n\t\t\t\t\t\t\t\t\t<p>I membri del team di formazione di questa prestigiosa scuola sono venuti a trovarci per condividere un momento di fratellanza e rivivere l&#8217;atmosfera che hanno vissuto la scorsa estate presso la nostra struttura. All&#8217;inizio del 2024, il Ministero degli Interni francese ci ha chiesto di fornire un alloggio a pi\u00f9 di 85 studenti di polizia e al loro personale di supervisione, in modo che potessero lavorare con il resto delle forze di polizia francesi per garantire la sicurezza dei Giochi Olimpici di Parigi. E, per quanto riguarda i nostri &#8220;padroni di casa&#8221;, il Villaggio Olimpico.  <\/p>\n<p>Questo fine settimana di viaggio nella regione dell&#8217;Ile-de-France voleva essere un&#8217;occasione per ritrovarsi, per parlare degli eventi che hanno segnato la vita di ognuno di noi e per condividere un momento spirituale significativo, quando tutti abbiamo partecipato alla Messa della Presentazione del Signore al Tempio. La visita alla Cattedrale di Notre-Dame di sabato \u00e8 stata un&#8217;occasione di &#8220;santa&#8221; commozione, per non parlare del legittimo senso di meraviglia per la grandezza di Dio e la sua trascendenza, e per il genio dell&#8217;uomo espresso in questo concerto di estetica.   <\/p>\n\t\t\t\t\t\t\t\t<\/div>\n\t\t\t\t<\/div>\n\t\t\t\t<div class=\"elementor-element elementor-element-72fa8d5 elementor-widget elementor-widget-image\" data-id=\"72fa8d5\" data-element_type=\"widget\" data-e-type=\"widget\" data-widget_type=\"image.default\">\n\t\t\t\t<div class=\"elementor-widget-container\">\n\t\t\t\t\t\t\t\t\t\t\t\t\t\t\t<img fetchpriority=\"high\" decoding=\"async\" width=\"800\" height=\"450\" src=\"https:\/\/www.chapelle-sainte-rita.com\/wp-content\/uploads\/2025\/02\/IMG-20250203-WA0001-1024x576.jpg\" class=\"attachment-large size-large wp-image-10603\" alt=\"\" srcset=\"https:\/\/www.chapelle-sainte-rita.com\/wp-content\/uploads\/2025\/02\/IMG-20250203-WA0001-1024x576.jpg 1024w, https:\/\/www.chapelle-sainte-rita.com\/wp-content\/uploads\/2025\/02\/IMG-20250203-WA0001-300x169.jpg 300w, https:\/\/www.chapelle-sainte-rita.com\/wp-content\/uploads\/2025\/02\/IMG-20250203-WA0001-768x432.jpg 768w, https:\/\/www.chapelle-sainte-rita.com\/wp-content\/uploads\/2025\/02\/IMG-20250203-WA0001-1536x864.jpg 1536w, https:\/\/www.chapelle-sainte-rita.com\/wp-content\/uploads\/2025\/02\/IMG-20250203-WA0001.jpg 1600w\" sizes=\"(max-width: 800px) 100vw, 800px\" \/>\t\t\t\t\t\t\t\t\t\t\t\t\t\t\t<\/div>\n\t\t\t\t<\/div>\n\t\t\t\t<div class=\"elementor-element elementor-element-e863013 elementor-widget elementor-widget-text-editor\" data-id=\"e863013\" data-element_type=\"widget\" data-e-type=\"widget\" data-widget_type=\"text-editor.default\">\n\t\t\t\t<div class=\"elementor-widget-container\">\n\t\t\t\t\t\t\t\t\t<p>La visita di queste persone di Saint Malo dimostra che l&#8217;amicizia trascende tutto &#8211; le occupazioni di ognuno e la distanza da percorrere &#8211; e permette al presente di guardare al futuro con altri progetti previsti per la prossima primavera o estate. Stiamo addirittura pensando a un possibile pellegrinaggio a Roma. <\/p>\n<p>Rinnoviamo la nostra gioia nel conoscerli e nel condividere con loro il nostro comune desiderio di creare un&#8217;umanit\u00e0 sempre pi\u00f9 umana. Non c&#8217;\u00e8 dubbio che essi incarnino il loro motto: &nbsp;<strong><em>&#8220;Sempre fedele<\/em><\/strong>.<\/p>\t\t\t\t\t\t\t\t<\/div>\n\t\t\t\t<\/div>\n\t\t\t\t<div class=\"elementor-element elementor-element-6e06797 elementor-widget elementor-widget-image\" data-id=\"6e06797\" data-element_type=\"widget\" data-e-type=\"widget\" data-widget_type=\"image.default\">\n\t\t\t\t<div class=\"elementor-widget-container\">\n\t\t\t\t\t\t\t\t\t\t\t\t\t\t\t<img decoding=\"async\" width=\"447\" height=\"298\" src=\"https:\/\/www.chapelle-sainte-rita.com\/wp-content\/uploads\/2025\/02\/DSCF9327.jpg\" class=\"attachment-large size-large wp-image-10565\" alt=\"\" srcset=\"https:\/\/www.chapelle-sainte-rita.com\/wp-content\/uploads\/2025\/02\/DSCF9327.jpg 447w, https:\/\/www.chapelle-sainte-rita.com\/wp-content\/uploads\/2025\/02\/DSCF9327-300x200.jpg 300w\" sizes=\"(max-width: 447px) 100vw, 447px\" \/>\t\t\t\t\t\t\t\t\t\t\t\t\t\t\t<\/div>\n\t\t\t\t<\/div>\n\t\t\t\t<div class=\"elementor-element elementor-element-e1bb4bc elementor-widget elementor-widget-image\" data-id=\"e1bb4bc\" data-element_type=\"widget\" data-e-type=\"widget\" data-widget_type=\"image.default\">\n\t\t\t\t<div class=\"elementor-widget-container\">\n\t\t\t\t\t\t\t\t\t\t\t\t\t\t\t<img decoding=\"async\" width=\"800\" height=\"600\" src=\"https:\/\/www.chapelle-sainte-rita.com\/wp-content\/uploads\/2025\/02\/WhatsApp-Image-2025-02-02-a-13.12.46_bfbe10f0-1024x768.jpg\" class=\"attachment-large size-large wp-image-10555\" alt=\"\" srcset=\"https:\/\/www.chapelle-sainte-rita.com\/wp-content\/uploads\/2025\/02\/WhatsApp-Image-2025-02-02-a-13.12.46_bfbe10f0-1024x768.jpg 1024w, https:\/\/www.chapelle-sainte-rita.com\/wp-content\/uploads\/2025\/02\/WhatsApp-Image-2025-02-02-a-13.12.46_bfbe10f0-300x225.jpg 300w, https:\/\/www.chapelle-sainte-rita.com\/wp-content\/uploads\/2025\/02\/WhatsApp-Image-2025-02-02-a-13.12.46_bfbe10f0-768x576.jpg 768w, https:\/\/www.chapelle-sainte-rita.com\/wp-content\/uploads\/2025\/02\/WhatsApp-Image-2025-02-02-a-13.12.46_bfbe10f0-1536x1152.jpg 1536w, https:\/\/www.chapelle-sainte-rita.com\/wp-content\/uploads\/2025\/02\/WhatsApp-Image-2025-02-02-a-13.12.46_bfbe10f0.jpg 1600w\" sizes=\"(max-width: 800px) 100vw, 800px\" \/>\t\t\t\t\t\t\t\t\t\t\t\t\t\t\t<\/div>\n\t\t\t\t<\/div>\n\t\t\t\t<div class=\"elementor-element elementor-element-365e01c elementor-widget elementor-widget-text-editor\" data-id=\"365e01c\" data-element_type=\"widget\" data-e-type=\"widget\" data-widget_type=\"text-editor.default\">\n\t\t\t\t<div class=\"elementor-widget-container\">\n\t\t\t\t\t\t\t\t\t<p>Ecco alcune informazioni su questa accademia di polizia, che puoi trovare anche sul loro sito web.<\/p>\n\t\t\t\t\t\t\t\t<\/div>\n\t\t\t\t<\/div>\n\t\t\t\t<div class=\"elementor-element elementor-element-cba5e84 elementor-widget elementor-widget-text-editor\" data-id=\"cba5e84\" data-element_type=\"widget\" data-e-type=\"widget\" data-widget_type=\"text-editor.default\">\n\t\t\t\t<div class=\"elementor-widget-container\">\n\t\t\t\t\t\t\t\t\t<h2 id=\"situation-geographique\" class=\"wp-block-heading\">Posizione geografica<\/h2>\n<p><\/p>\n<p>L&#8217;Accademia Nazionale di Polizia (ENP) di Saint-Malo \u00e8 l&#8217;unica accademia di polizia della Bretagna. Si trova su un terreno di 3,8 ettari condiviso con la sottoprefettura e la stazione di polizia di Saint-Malo, vicino al centro della citt\u00e0 e alle spiagge della Costa Smeralda. <\/p>\n<p><\/p>\n<h2 id=\"historique\" class=\"wp-block-heading\">La storia<\/h2>\n<p><\/p>\n<p>Dal 10 marzo 1988, l&#8217;ENP di Saint-Malo \u00e8 ospitato negli edifici precedentemente occupati dal 47\u00b0 reggimento di fanteria. Membro della rete dei 9 ENP della Francia continentale e parte dell&#8217;Accademia di Polizia, fornisce la formazione iniziale per gli agenti di pace, gli assistenti di polizia e i cadetti della Repubblica. <\/p>\n<p><\/p>\n<h2 id=\"activite\" class=\"wp-block-heading\">Attivit\u00e0<\/h2>\n<p><\/p>\n<p>L&#8217;organizzazione flessibile dell&#8217;ENP consente di fornire sia la formazione iniziale che i corsi pratici per gli agenti di polizia.<\/p>\n<p><\/p>\n<h3 id=\"la-formation-initiale\" class=\"wp-block-heading\">Formazione iniziale<\/h3>\n<p><\/p>\n<ul class=\"wp-block-list\">\n<li style=\"list-style-type: none;\">\n<ul class=\"wp-block-list\"><\/ul>\n<\/li>\n<\/ul>\n<ul class=\"wp-block-list\">\n<li style=\"list-style-type: none;\">\n<ul class=\"wp-block-list\">\n<li>per gli studenti che fanno il servizio di pace ;<\/li>\n<\/ul>\n<\/li>\n<\/ul>\n<p><\/p>\n<ul class=\"wp-block-list\">\n<li style=\"list-style-type: none;\">\n<ul class=\"wp-block-list\">\n<li>assistenti di polizia ;<\/li>\n<\/ul>\n<\/li>\n<\/ul>\n<p><\/p>\n<ul class=\"wp-block-list\">\n<li style=\"list-style-type: none;\">\n<ul class=\"wp-block-list\">\n<li>cadetti della Repubblica.<\/li>\n<\/ul>\n<\/li>\n<\/ul>\n<p><\/p>\n<p><\/p>\n<h3 id=\"formation-continue-et-partenariats\" class=\"wp-block-heading\">Formazione continua e partnership<\/h3>\n<p><\/p>\n<p>Anche numerosi servizi partner si rivolgono alla scuola per il supporto logistico, tra cui la Gendarmeria Nazionale, il servizio doganale, l&#8217;Office National pour la Chasse et la Faune Sauvage (ONFCS) per l&#8217;utilizzo del suo poligono di tiro, la Soci\u00e9t\u00e9 Nationale de Sauvetage en Mer (SNSM) per l&#8217;utilizzo delle aule didattiche e il Service D\u00e9partemental d&#8217;Incendie et de Sauvetage 35 (Servizio Dipartimentale dei Vigili del Fuoco e del Soccorso 35), che ne utilizza le attrezzature e le strutture di simulazione.<\/p>\n<p><\/p>\n<p>La scuola ospita regolarmente una serie di prestigiosi corsi nazionali organizzati da servizi specializzati (DCPJ, RAID, DGSI, ecc.) e corsi internazionali gestiti dalla Direzione della Cooperazione Internazionale della Polizia Nazionale.<\/p>\n<p><\/p>\n<p>L&#8217;ENP organizza anche corsi speciali per gli studenti<sup>del terzo<\/sup> anno (corso di scoperta aziendale), per i ragazzi delle scuole (BAC professionale), per gli studenti e i loro insegnanti (IUT &#8211; psicologia &#8211; istituto di formazione infermieristica), per i dirigenti sanitari, per gli studenti di master in criminologia, ecc.<\/p>\n<p><\/p>\n<p><\/p>\n<p><\/p>\n<p><\/p>\t\t\t\t\t\t\t\t<\/div>\n\t\t\t\t<\/div>\n\t\t\t\t<div class=\"elementor-element elementor-element-fdd06e9 elementor-widget elementor-widget-image\" data-id=\"fdd06e9\" data-element_type=\"widget\" data-e-type=\"widget\" data-widget_type=\"image.default\">\n\t\t\t\t<div class=\"elementor-widget-container\">\n\t\t\t\t\t\t\t\t\t\t\t\t\t\t\t<img loading=\"lazy\" decoding=\"async\" width=\"400\" height=\"395\" src=\"https:\/\/www.chapelle-sainte-rita.com\/wp-content\/uploads\/2025\/02\/Blason-ENP-Saint-Malo.png\" class=\"attachment-large size-large wp-image-10569\" alt=\"\" srcset=\"https:\/\/www.chapelle-sainte-rita.com\/wp-content\/uploads\/2025\/02\/Blason-ENP-Saint-Malo.png 400w, https:\/\/www.chapelle-sainte-rita.com\/wp-content\/uploads\/2025\/02\/Blason-ENP-Saint-Malo-300x296.png 300w\" sizes=\"(max-width: 400px) 100vw, 400px\" \/>\t\t\t\t\t\t\t\t\t\t\t\t\t\t\t<\/div>\n\t\t\t\t<\/div>\n\t\t\t\t<div class=\"elementor-element elementor-element-157947d elementor-widget elementor-widget-text-editor\" data-id=\"157947d\" data-element_type=\"widget\" data-e-type=\"widget\" data-widget_type=\"text-editor.default\">\n\t\t\t\t<div class=\"elementor-widget-container\">\n\t\t\t\t\t\t\t\t\t<p><\/p>\n<h2 id=\"blason\" class=\"wp-block-heading\">Stemma<\/h2>\n<p><\/p>\n<p>Il distintivo ha uno sfondo blu ed \u00e8 circondato da foglie di quercia e di alloro che simboleggiano la forza pubblica e la pace. Al centro, reca lo stemma della citt\u00e0 di Saint-Malo, d&#8217;oro, con una saracinesca d&#8217;oro, accompagnata da un ermellino, emblema della Bretagna. Il rosso ricorda il colore dell&#8217;insegna dei corsari. I cani, la cui corporatura muscolosa esprime forza, reggono la saracinesca che chiude i bastioni della citt\u00e0. Conosciuti come &#8220;cani da guardia&#8221;, venivano lasciati liberi sulla riva di notte per proteggere la citt\u00e0 dalle navi da saccheggio. Si appoggiano sulla fascia d&#8217;argento con la scritta<em>&#8220;semper fidelis<\/em>&#8221; (sempre fedele), il motto di Saint-Malo, che denota la fedelt\u00e0 della citt\u00e0 e dei suoi abitanti ai valori bretoni.     <\/p>\n<p><\/p>\n<p><\/p>\t\t\t\t\t\t\t\t<\/div>\n\t\t\t\t<\/div>\n\t\t\t\t<div class=\"elementor-element elementor-element-8759c3d elementor-widget elementor-widget-image\" data-id=\"8759c3d\" data-element_type=\"widget\" data-e-type=\"widget\" data-widget_type=\"image.default\">\n\t\t\t\t<div class=\"elementor-widget-container\">\n\t\t\t\t\t\t\t\t\t\t\t\t\t\t\t<img loading=\"lazy\" decoding=\"async\" width=\"311\" height=\"162\" src=\"https:\/\/www.chapelle-sainte-rita.com\/wp-content\/uploads\/2025\/02\/images.jpg\" class=\"attachment-large size-large wp-image-10561\" alt=\"\" srcset=\"https:\/\/www.chapelle-sainte-rita.com\/wp-content\/uploads\/2025\/02\/images.jpg 311w, https:\/\/www.chapelle-sainte-rita.com\/wp-content\/uploads\/2025\/02\/images-300x156.jpg 300w\" sizes=\"(max-width: 311px) 100vw, 311px\" \/>\t\t\t\t\t\t\t\t\t\t\t\t\t\t\t<\/div>\n\t\t\t\t<\/div>\n\t\t\t\t<div class=\"elementor-element elementor-element-1f9dc48 elementor-widget elementor-widget-image\" data-id=\"1f9dc48\" data-element_type=\"widget\" data-e-type=\"widget\" data-widget_type=\"image.default\">\n\t\t\t\t<div class=\"elementor-widget-container\">\n\t\t\t\t\t\t\t\t\t\t\t\t\t\t\t<img loading=\"lazy\" decoding=\"async\" width=\"640\" height=\"360\" src=\"https:\/\/www.chapelle-sainte-rita.com\/wp-content\/uploads\/2025\/02\/P1D3183162G.webp\" class=\"attachment-large size-large wp-image-10576\" alt=\"\" srcset=\"https:\/\/www.chapelle-sainte-rita.com\/wp-content\/uploads\/2025\/02\/P1D3183162G.webp 640w, https:\/\/www.chapelle-sainte-rita.com\/wp-content\/uploads\/2025\/02\/P1D3183162G-300x169.webp 300w\" sizes=\"(max-width: 640px) 100vw, 640px\" \/>\t\t\t\t\t\t\t\t\t\t\t\t\t\t\t<\/div>\n\t\t\t\t<\/div>\n\t\t\t\t\t<\/div>\n\t\t\t\t<\/div>\n\t\t\t\t<\/div>\n\t\t","protected":false},"excerpt":{"rendered":"<p>I membri del team di formazione di questa prestigiosa scuola sono venuti a trovarci per condividere un momento di fratellanza e rivivere l&#8217;atmosfera che hanno vissuto la scorsa estate presso la nostra struttura. All&#8217;inizio del 2024, il Ministero degli Interni francese ci ha chiesto di fornire un alloggio a pi\u00f9 di 85 studenti di polizia [&hellip;]<\/p>\n","protected":false},"author":1,"featured_media":10555,"comment_status":"closed","ping_status":"open","sticky":false,"template":"","format":"standard","meta":{"footnotes":""},"categories":[73],"tags":[],"class_list":["post-11557","post","type-post","status-publish","format-standard","has-post-thumbnail","hentry","category-notizie"],"_links":{"self":[{"href":"https:\/\/www.chapelle-sainte-rita.com\/it\/wp-json\/wp\/v2\/posts\/11557","targetHints":{"allow":["GET"]}}],"collection":[{"href":"https:\/\/www.chapelle-sainte-rita.com\/it\/wp-json\/wp\/v2\/posts"}],"about":[{"href":"https:\/\/www.chapelle-sainte-rita.com\/it\/wp-json\/wp\/v2\/types\/post"}],"author":[{"embeddable":true,"href":"https:\/\/www.chapelle-sainte-rita.com\/it\/wp-json\/wp\/v2\/users\/1"}],"replies":[{"embeddable":true,"href":"https:\/\/www.chapelle-sainte-rita.com\/it\/wp-json\/wp\/v2\/comments?post=11557"}],"version-history":[{"count":1,"href":"https:\/\/www.chapelle-sainte-rita.com\/it\/wp-json\/wp\/v2\/posts\/11557\/revisions"}],"predecessor-version":[{"id":11559,"href":"https:\/\/www.chapelle-sainte-rita.com\/it\/wp-json\/wp\/v2\/posts\/11557\/revisions\/11559"}],"wp:featuredmedia":[{"embeddable":true,"href":"https:\/\/www.chapelle-sainte-rita.com\/it\/wp-json\/wp\/v2\/media\/10555"}],"wp:attachment":[{"href":"https:\/\/www.chapelle-sainte-rita.com\/it\/wp-json\/wp\/v2\/media?parent=11557"}],"wp:term":[{"taxonomy":"category","embeddable":true,"href":"https:\/\/www.chapelle-sainte-rita.com\/it\/wp-json\/wp\/v2\/categories?post=11557"},{"taxonomy":"post_tag","embeddable":true,"href":"https:\/\/www.chapelle-sainte-rita.com\/it\/wp-json\/wp\/v2\/tags?post=11557"}],"curies":[{"name":"wp","href":"https:\/\/api.w.org\/{rel}","templated":true}]}}