{"id":11573,"date":"2025-01-10T19:24:33","date_gmt":"2025-01-10T18:24:33","guid":{"rendered":"https:\/\/www.chapelle-sainte-rita.com\/mercoledi-preghiera-a-san-giuseppe\/"},"modified":"2025-03-13T11:36:33","modified_gmt":"2025-03-13T10:36:33","slug":"mercoledi-preghiera-a-san-giuseppe","status":"publish","type":"post","link":"https:\/\/www.chapelle-sainte-rita.com\/it\/mercoledi-preghiera-a-san-giuseppe\/","title":{"rendered":"Mercoled\u00ec: preghiera a San Giuseppe!"},"content":{"rendered":"\t\t<div data-elementor-type=\"wp-post\" data-elementor-id=\"11573\" class=\"elementor elementor-11573 elementor-9600\" data-elementor-post-type=\"post\">\n\t\t\t\t<div class=\"elementor-element elementor-element-5cd36095 e-flex e-con-boxed e-con e-parent\" data-id=\"5cd36095\" data-element_type=\"container\" data-e-type=\"container\">\n\t\t\t\t\t<div class=\"e-con-inner\">\n\t\t\t\t<div class=\"elementor-element elementor-element-2c7def4b elementor-widget elementor-widget-text-editor\" data-id=\"2c7def4b\" data-element_type=\"widget\" data-e-type=\"widget\" data-widget_type=\"text-editor.default\">\n\t\t\t\t<div class=\"elementor-widget-container\">\n\t\t\t\t\t\t\t\t\t<p>Da diversi anni, un gruppo di fedeli del santuario di Sainte-Rita si riunisce ogni mercoled\u00ec alle 16:00 per onorare la patrona della Chiesa universale, la patrona principale del Canada e la patrona secondaria della Congregazione degli Oblati della Vergine Maria.<\/p>\n<p>\u00c8 un potente momento di preghiera in cui chiediamo a San Giuseppe, l&#8217;uomo &#8220;giusto&#8221;, di sostenere la nostra vita spirituale, di ispirarci con il suo esempio, di saper discernere quotidianamente sapendo leggere i &#8220;segni dei tempi&#8221;. Senza dimenticare la sua missione principale, quella di essere il protettore della Chiesa durante il suo pellegrinaggio lungo le strade di questo mondo. <\/p>\n<p>Inoltre, nel canone della Messa, la Chiesa ha introdotto la menzione di San Giuseppe subito dopo l&#8217;invocazione della Vergine Maria: <em>&#8220;Infine, imploriamo la tua bont\u00e0 su tutti noi: Permetti che con la Vergine Maria, la benedetta Madre di Dio, <strong>con San Giuseppe, suo sposo<\/strong>, con gli Apostoli e con tutti i santi di tutti i tempi che hanno fatto la tua gioia nei secoli, possiamo partecipare alla vita eterna e cantare la tua lode e la tua gloria, per mezzo del tuo Figlio Ges\u00f9, il Cristo&#8221; <\/em>[Pri\u00e8re eucharistique II].<\/p>\n<p>Non esitare a venire a vedere San Giuseppe, soprattutto in questa rappresentazione scultorea unica nel nostro santuario. Qui vediamo San Giuseppe, benevolo e protettivo, in piedi accanto a Maria e Ges\u00f9 mentre veglia su ciascuno di loro <em>&#8211; la posizione eretta indica che non perde mai la sua vigilanza &#8211;<\/em> salvaguardando cos\u00ec l&#8217;intensit\u00e0 dello sguardo luminoso tra Madre e Figlio, tra Figlio e Madre. <\/p>\n<p>San Giuseppe, prega per noi!<\/p>\n<figure class=\"wp-block-image size-large\"><img fetchpriority=\"high\" decoding=\"async\" width=\"1024\" height=\"768\" class=\"wp-image-9601\" src=\"https:\/\/www.chapelle-sainte-rita.com\/wp-content\/uploads\/2025\/01\/1000073888-1024x768.jpg\" alt=\"\" srcset=\"https:\/\/www.chapelle-sainte-rita.com\/wp-content\/uploads\/2025\/01\/1000073888-1024x768.jpg 1024w, https:\/\/www.chapelle-sainte-rita.com\/wp-content\/uploads\/2025\/01\/1000073888-300x225.jpg 300w, https:\/\/www.chapelle-sainte-rita.com\/wp-content\/uploads\/2025\/01\/1000073888-768x576.jpg 768w, https:\/\/www.chapelle-sainte-rita.com\/wp-content\/uploads\/2025\/01\/1000073888-1536x1152.jpg 1536w, https:\/\/www.chapelle-sainte-rita.com\/wp-content\/uploads\/2025\/01\/1000073888-2048x1536.jpg 2048w\" sizes=\"(max-width: 1024px) 100vw, 1024px\" \/><\/figure>\n<p>Isabelle COUSTURIER, di Aleteia, il 22 giugno 2013 ha scritto quanto segue mentre Papa Francesco approvava la decisione del suo predecessore e firmava il decreto che includeva il padre adottivo di Ges\u00f9 in tre preghiere eucaristiche [II &#8211; III &#8211; IV].<\/p>\n<p>&#8221;&nbsp;<em>A capo della Famiglia del Signore<\/em><em><strong>San Giuseppe di Nazareth<\/strong><\/em><em> ha generosamente adempiuto alla missione che aveva ricevuto dalla grazia nell&#8217;economia della salvezza, assumendo il posto di <\/em><em><strong>padre di Ges\u00f9<\/strong><\/em><em>. Abbracciando pienamente il mistero salvifico dell&#8217;umanit\u00e0, che era ancora agli albori, egli divenne un &nbsp;<\/em><strong><em>un modello esemplare<\/em><\/strong><em> di quella generosa umilt\u00e0 che la fede cristiana esalta al massimo grado, e un testimone di quelle virt\u00f9 comuni, umane e semplici che sono necessarie perch\u00e9 gli uomini diventino virtuosi e autentici discepoli di Cristo&#8221;.<\/em><\/p>\n<p>Cos\u00ec inizia<strong> il decreto<\/strong> che riconosce a San Giuseppe il diritto di apparire nelle preghiere eucaristiche.<\/p>\n<p>Questa decisione, annunciata dalla Santa Sede il 19 giugno, fa seguito a <strong>quella maturata dal Papa Emerito Benedetto XVI<\/strong> e approvata dal suo successore, Papa Francesco, quando ha firmato il decreto della Congregazione per il Culto Divino e la Disciplina dei Sacramenti, <strong><em>&#8220;Paternas vices<\/em><\/strong> &#8221; (cura paterna), datato 1 maggio 2013 (festa di San Giuseppe Artigiano).<\/p>\n<p>Con questo decreto, <strong>il nome di San Giuseppe deve ora comparire nelle <\/strong><strong>Preghiere Eucaristiche II, III e IV <\/strong>per le celebrazioni della Messa secondo la Forma Ordinaria del Rito Romano<strong>, subito dopo il nome della Beata Vergine Maria<\/strong>.<\/p>\n<p>Il decreto riconosce che San Giuseppe <em>&#8221; <\/em><em> si prese amorevolmente cura della Madre di Dio e si dedic\u00f2 con gioiosa devozione all&#8217;educazione di Ges\u00f9 Cristo&#8221;, che divenne &#8220;il custode dei tesori pi\u00f9 preziosi di Dio Padre&#8221; e &#8220;il sostegno del Corpo Mistico, cio\u00e8 della Chiesa, colui che il popolo di Dio non ha mai cessato di venerare nel corso dei secoli&#8221;.<\/em><\/p>\n<p><strong>Riconosce inoltre<\/strong> che &#8221;&nbsp;<em>Nella Chiesa cattolica, i fedeli hanno sempre dimostrato una grande e ininterrotta devozione a San Giuseppe, onorando solennemente e costantemente la memoria del castissimo Sposo della Madre di Dio e celeste Patrono di tutta la Chiesa, tanto che, durante il santissimo Concilio Ecumenico Vaticano II, il Beato Giovanni XXIII decise di aggiungere il suo nome al veneratissimo Canone Romano<\/em> &#8220;, e proclama che \u00e8 &#8220;il nome pi\u00f9 sacro della Chiesa&#8221;.&nbsp;<em>tenendo presente la comunione dei santi, che ci accompagnano nel corso del tempo come pellegrini in questo mondo per condurci a Cristo e unirci a lui <\/em>&#8220;, come ha gentilmente auspicato Benedetto XVI.&nbsp;<em>di accogliere e approvare i pi\u00f9 pii desideri, formulati per iscritto, provenienti da molti luoghi, una decisione che \u00e8 stata recentemente confermata dal Sommo Pontefice Francesco<\/em> &#8220;.<\/p>\n<p>La Congregazione ha fornito le traduzioni delle formule da recitare durante le Messe nelle lingue occidentali moderne pi\u00f9 diffuse, tra cui il francese e l&#8217;inglese. La formulazione francese delle Preghiere Eucaristiche II e III recita come segue: &#8221; &nbsp;<strong><em>con San Giuseppe, suo sposo<\/em><\/strong><strong>.<\/strong>..&#8221;, e per la preghiera eucaristica IV, &#8220;&#8230;&nbsp;<strong><em>a San Giuseppe, suo marito&#8230;<\/em><\/strong> &#8220;. La formulazione inglese delle preghiere eucaristiche II, III e IV recita come segue: &#8221; &nbsp;<strong><em>con il beato Giuseppe, suo sposo<\/em><\/strong><strong>.<\/strong>.. &#8220;<\/p>\n<p><\/p>\t\t\t\t\t\t\t\t<\/div>\n\t\t\t\t<\/div>\n\t\t\t\t\t<\/div>\n\t\t\t\t<\/div>\n\t\t\t\t<\/div>\n\t\t","protected":false},"excerpt":{"rendered":"<p>Da diversi anni, un gruppo di fedeli del santuario di Sainte-Rita si riunisce ogni mercoled\u00ec alle 16:00 per onorare la patrona della Chiesa universale, la patrona principale del Canada e la patrona secondaria della Congregazione degli Oblati della Vergine Maria. \u00c8 un potente momento di preghiera in cui chiediamo a San Giuseppe, l&#8217;uomo &#8220;giusto&#8221;, di [&hellip;]<\/p>\n","protected":false},"author":1,"featured_media":9607,"comment_status":"closed","ping_status":"open","sticky":false,"template":"","format":"standard","meta":{"footnotes":""},"categories":[57,73],"tags":[],"class_list":["post-11573","post","type-post","status-publish","format-standard","has-post-thumbnail","hentry","category-non-categorizzato","category-notizie"],"_links":{"self":[{"href":"https:\/\/www.chapelle-sainte-rita.com\/it\/wp-json\/wp\/v2\/posts\/11573","targetHints":{"allow":["GET"]}}],"collection":[{"href":"https:\/\/www.chapelle-sainte-rita.com\/it\/wp-json\/wp\/v2\/posts"}],"about":[{"href":"https:\/\/www.chapelle-sainte-rita.com\/it\/wp-json\/wp\/v2\/types\/post"}],"author":[{"embeddable":true,"href":"https:\/\/www.chapelle-sainte-rita.com\/it\/wp-json\/wp\/v2\/users\/1"}],"replies":[{"embeddable":true,"href":"https:\/\/www.chapelle-sainte-rita.com\/it\/wp-json\/wp\/v2\/comments?post=11573"}],"version-history":[{"count":1,"href":"https:\/\/www.chapelle-sainte-rita.com\/it\/wp-json\/wp\/v2\/posts\/11573\/revisions"}],"predecessor-version":[{"id":11574,"href":"https:\/\/www.chapelle-sainte-rita.com\/it\/wp-json\/wp\/v2\/posts\/11573\/revisions\/11574"}],"wp:featuredmedia":[{"embeddable":true,"href":"https:\/\/www.chapelle-sainte-rita.com\/it\/wp-json\/wp\/v2\/media\/9607"}],"wp:attachment":[{"href":"https:\/\/www.chapelle-sainte-rita.com\/it\/wp-json\/wp\/v2\/media?parent=11573"}],"wp:term":[{"taxonomy":"category","embeddable":true,"href":"https:\/\/www.chapelle-sainte-rita.com\/it\/wp-json\/wp\/v2\/categories?post=11573"},{"taxonomy":"post_tag","embeddable":true,"href":"https:\/\/www.chapelle-sainte-rita.com\/it\/wp-json\/wp\/v2\/tags?post=11573"}],"curies":[{"name":"wp","href":"https:\/\/api.w.org\/{rel}","templated":true}]}}