{"id":11578,"date":"2025-01-06T21:08:56","date_gmt":"2025-01-06T20:08:56","guid":{"rendered":"https:\/\/www.chapelle-sainte-rita.com\/domenica-dellepifania\/"},"modified":"2025-03-13T11:36:38","modified_gmt":"2025-03-13T10:36:38","slug":"domenica-dellepifania","status":"publish","type":"post","link":"https:\/\/www.chapelle-sainte-rita.com\/it\/domenica-dellepifania\/","title":{"rendered":"Domenica dell&#8217;Epifania"},"content":{"rendered":"\n<p>Molti fedeli sono venuti a celebrare l&#8217;Epifania con la comunit\u00e0 degli Oblati della Vergine Maria. Padre Fran\u00e7ois, il rettore, e i padri Yves e Guillaume si sono preoccupati di aiutare i fedeli a riscoprire il senso e il significato di un tale evento, ovvero la presenza adorante di tre visitatori provenienti dall&#8217;Oriente. In quanto astronomi, erano certi che un evento felice si stesse verificando in un regno mediorientale. Avevano un solo desiderio: incontrare un <strong>Dio<\/strong> [sens de l&#8217;encens], un <strong>Re<\/strong> [la raison de l&#8217;or] e un <strong>Salvatore <\/strong>attraverso questa prefigurazione della <strong>Redenzione <\/strong>&#8211; un&#8217;opera compiuta nella sua morte e resurrezione &#8211; [annunciata nel rito funebre dall&#8217;uso della <strong>mirra<\/strong>].   <\/p>\n\n<p class=\"has-text-align-center has-small-font-size\">*******************************************<\/p>\n\n<p>Thomas Renaud di Aleteia, nel 2018, ci parla del <strong>simbolismo <\/strong>di queste <strong>tre oblate<\/strong><em> &#8211; offerte di oro, incenso e mirra &#8211;<\/em> offerte da questi tre personaggi nelle Scritture.<\/p>\n\n<h3 class=\"wp-block-heading\"><strong>L&#8217;oro di Cristo Re<\/strong><\/h3>\n\n<p>Sebbene sia anacronistico parlare di Cristo Re quando si interpreta il testo biblico, \u00e8 proprio alla regalit\u00e0 di Cristo, Re dei re, che i Padri della Chiesa si riferiscono quando parlano dell&#8217;oro.<strong><em> &#8220;Ecco l&#8217;oro: \u00e8 un re&#8221;, scriveva San Gregorio Magno.<\/em><\/strong>scriveva San Gregorio Magno in un&#8217;omelia dell&#8217;Epifania, prima di continuare: <em><strong>&#8220;Ecco l&#8217;incenso: \u00e8 un Dio; ecco la mirra: \u00e8 un mortale&#8221;.<\/strong><\/em>. Tutte le grandi tradizioni spirituali dell&#8217;antichit\u00e0 hanno collegato l&#8217;oro al divino. Inalterabile e pieno di brillantezza, questo materiale divenne presto riservato all&#8217;aristocrazia, al potere reale e alle funzioni religiose. Nella sua accezione latina, l&#8217;oro si riferisce etimologicamente alla luce e al sole, in quanto <em>aurum<\/em> significa alba. Sebbene l&#8217;oro sia stato rifiutato anche nella tradizione biblica come segno di idolatria, l&#8217;evangelista San Giovanni ne conferma la dignit\u00e0 nella liturgia del ritorno di Cristo nel Libro dell&#8217;Apocalisse.    <\/p>\n\n<figure class=\"wp-block-image aligncenter size-large is-resized\"><img fetchpriority=\"high\" decoding=\"async\" width=\"1024\" height=\"683\" src=\"https:\/\/www.chapelle-sainte-rita.com\/wp-content\/uploads\/2025\/01\/Differente_utilisation_or-1024x683.jpg\" alt=\"\" class=\"wp-image-9458\" style=\"width:471px;height:auto\" srcset=\"https:\/\/www.chapelle-sainte-rita.com\/wp-content\/uploads\/2025\/01\/Differente_utilisation_or-1024x683.jpg 1024w, https:\/\/www.chapelle-sainte-rita.com\/wp-content\/uploads\/2025\/01\/Differente_utilisation_or-300x200.jpg 300w, https:\/\/www.chapelle-sainte-rita.com\/wp-content\/uploads\/2025\/01\/Differente_utilisation_or-768x512.jpg 768w, https:\/\/www.chapelle-sainte-rita.com\/wp-content\/uploads\/2025\/01\/Differente_utilisation_or.jpg 1500w\" sizes=\"(max-width: 1024px) 100vw, 1024px\" \/><\/figure>\n\n<h3 class=\"wp-block-heading\"><strong>L&#8217;incenso, usato nel culto, evoca la divinit\u00e0<\/strong><\/h3>\n\n<div class=\"wp-block-group is-nowrap is-layout-flex wp-container-core-group-is-layout-6c531013 wp-block-group-is-layout-flex\">\n<p>Utilizzato spesso nel culto delle divinit\u00e0 nelle civilt\u00e0 assira ed egizia, l&#8217;incenso era uno dei beni pi\u00f9 preziosi. Anche i Romani e i Greci lo tenevano in grande considerazione. L&#8217;incenso era prezioso quanto l&#8217;oro, se non di pi\u00f9. Come attributo del divino, l&#8217;incenso dei Magi saluta il neonato nell&#8217;umile mangiatoia e, al di l\u00e0 delle apparenze ingannevoli, un Dio. Presente anche nella &#8220;liturgia&#8221; dell&#8217;Apocalisse, l&#8217;incenso offerto in adorazione per mezzo di un turibolo \u00e8 diventato una parte duratura della tradizione liturgica della Chiesa. Quando il fumo sacro sale verso il cielo, porta con s\u00e9 le preghiere dei fedeli: <strong><em>&#8220;Fa&#8217; che la mia preghiera salga come incenso davanti a te&#8221;, dice il salmista (Salmo 1:14).<\/em><\/strong>dice il salmista<a href=\"https:\/\/www.aelf.org\/bible\/Ps\/140\" target=\"_blank\" rel=\"noreferrer noopener\">(Sal 140:2<\/a>).     <\/p>\n<\/div>\n\n<figure class=\"wp-block-image aligncenter size-full is-resized\"><img decoding=\"async\" width=\"500\" height=\"716\" src=\"https:\/\/www.chapelle-sainte-rita.com\/wp-content\/uploads\/2025\/01\/f740376339aab5ee9fa3cf38a0284665-1.jpg\" alt=\"\" class=\"wp-image-9454\" style=\"width:476px;height:auto\" srcset=\"https:\/\/www.chapelle-sainte-rita.com\/wp-content\/uploads\/2025\/01\/f740376339aab5ee9fa3cf38a0284665-1.jpg 500w, https:\/\/www.chapelle-sainte-rita.com\/wp-content\/uploads\/2025\/01\/f740376339aab5ee9fa3cf38a0284665-1-209x300.jpg 209w\" sizes=\"(max-width: 500px) 100vw, 500px\" \/><\/figure>\n\n<h3 class=\"wp-block-heading\"><strong>La mirra, per ricordare che Ges\u00f9 \u00e8 un uomo <\/strong><em><strong>Dio fatto uomo<\/strong><\/em>.<\/h3>\n\n<p>Come l&#8217;incenso, la mirra, una resina aromatica, era ricercata dalle civilt\u00e0 antiche per il suo profumo. Gli Ebrei la usavano per produrre l&#8217;olio per l&#8217;unzione dei sacerdoti. Martine De Sauto ci ricorda un uso meno conosciuto: <strong><em>&#8220;Mescolata al vino, la mirra aumentava le sue virt\u00f9 euforizzanti e, secondo l&#8217;usanza ebraica, questa bevanda veniva a volte offerta ai torturati per alleviare le loro sofferenze, cosa che avvenne proprio nel caso di Ges\u00f9 (Mc 15, 23)&#8221;. <\/em><\/strong><a href=\"https:\/\/www.aelf.org\/bible\/Mc\/15\" target=\"_blank\" rel=\"noreferrer noopener\">(Mc 15:23<\/a>). Usata per imbalsamare i morti, fu utilizzata anche per preparare i resti mortali di Cristo, come racconta il Vangelo secondo San Giovanni: <strong><em>&#8220;Nicodemo<\/em><\/strong> &#8211; colui che si era recato per la prima volta da Ges\u00f9 durante la notte.     <strong><em>Port\u00f2 una mistura di mirra e di aloe del peso di circa cento libbre. Quindi presero il corpo di Ges\u00f9 e lo avvolsero in teli di lino, usando spezie secondo l&#8217;usanza ebraica di seppellire i morti.  &#8221;  <\/em><\/strong>Due usi che richiamano l&#8217;umanit\u00e0 del Redentore, fin dall&#8217;inizio della sua esistenza terrena.<\/p>\n\n<figure class=\"wp-block-image size-large\"><img decoding=\"async\" width=\"1024\" height=\"576\" src=\"https:\/\/www.chapelle-sainte-rita.com\/wp-content\/uploads\/2025\/01\/i104293-myrrhe-ps-1024x576.webp\" alt=\"\" class=\"wp-image-9446\" srcset=\"https:\/\/www.chapelle-sainte-rita.com\/wp-content\/uploads\/2025\/01\/i104293-myrrhe-ps-1024x576.webp 1024w, https:\/\/www.chapelle-sainte-rita.com\/wp-content\/uploads\/2025\/01\/i104293-myrrhe-ps-300x169.webp 300w, https:\/\/www.chapelle-sainte-rita.com\/wp-content\/uploads\/2025\/01\/i104293-myrrhe-ps-768x432.webp 768w, https:\/\/www.chapelle-sainte-rita.com\/wp-content\/uploads\/2025\/01\/i104293-myrrhe-ps.webp 1200w\" sizes=\"(max-width: 1024px) 100vw, 1024px\" \/><\/figure>\n","protected":false},"excerpt":{"rendered":"<p>Molti fedeli sono venuti a celebrare l&#8217;Epifania con la comunit\u00e0 degli Oblati della Vergine Maria. Padre Fran\u00e7ois, il rettore, e i padri Yves e Guillaume si sono preoccupati di aiutare i fedeli a riscoprire il senso e il significato di un tale evento, ovvero la presenza adorante di tre visitatori provenienti dall&#8217;Oriente. In quanto astronomi, [&hellip;]<\/p>\n","protected":false},"author":1,"featured_media":9475,"comment_status":"closed","ping_status":"open","sticky":false,"template":"","format":"standard","meta":{"footnotes":""},"categories":[73],"tags":[],"class_list":["post-11578","post","type-post","status-publish","format-standard","has-post-thumbnail","hentry","category-notizie"],"_links":{"self":[{"href":"https:\/\/www.chapelle-sainte-rita.com\/it\/wp-json\/wp\/v2\/posts\/11578","targetHints":{"allow":["GET"]}}],"collection":[{"href":"https:\/\/www.chapelle-sainte-rita.com\/it\/wp-json\/wp\/v2\/posts"}],"about":[{"href":"https:\/\/www.chapelle-sainte-rita.com\/it\/wp-json\/wp\/v2\/types\/post"}],"author":[{"embeddable":true,"href":"https:\/\/www.chapelle-sainte-rita.com\/it\/wp-json\/wp\/v2\/users\/1"}],"replies":[{"embeddable":true,"href":"https:\/\/www.chapelle-sainte-rita.com\/it\/wp-json\/wp\/v2\/comments?post=11578"}],"version-history":[{"count":1,"href":"https:\/\/www.chapelle-sainte-rita.com\/it\/wp-json\/wp\/v2\/posts\/11578\/revisions"}],"predecessor-version":[{"id":11580,"href":"https:\/\/www.chapelle-sainte-rita.com\/it\/wp-json\/wp\/v2\/posts\/11578\/revisions\/11580"}],"wp:featuredmedia":[{"embeddable":true,"href":"https:\/\/www.chapelle-sainte-rita.com\/it\/wp-json\/wp\/v2\/media\/9475"}],"wp:attachment":[{"href":"https:\/\/www.chapelle-sainte-rita.com\/it\/wp-json\/wp\/v2\/media?parent=11578"}],"wp:term":[{"taxonomy":"category","embeddable":true,"href":"https:\/\/www.chapelle-sainte-rita.com\/it\/wp-json\/wp\/v2\/categories?post=11578"},{"taxonomy":"post_tag","embeddable":true,"href":"https:\/\/www.chapelle-sainte-rita.com\/it\/wp-json\/wp\/v2\/tags?post=11578"}],"curies":[{"name":"wp","href":"https:\/\/api.w.org\/{rel}","templated":true}]}}