{"id":11587,"date":"2025-01-10T19:16:43","date_gmt":"2025-01-10T18:16:43","guid":{"rendered":"https:\/\/www.chapelle-sainte-rita.com\/confessori-a-notre-dame-de-paris\/"},"modified":"2025-03-13T11:36:39","modified_gmt":"2025-03-13T10:36:39","slug":"confessori-a-notre-dame-de-paris","status":"publish","type":"post","link":"https:\/\/www.chapelle-sainte-rita.com\/it\/confessori-a-notre-dame-de-paris\/","title":{"rendered":"Confessori a Notre-Dame de Paris"},"content":{"rendered":"\n<p>Padre Fran\u00e7ois Lapointe omv e Padre Guillaume Charbonneau omv sono i confessori della cattedrale di Notre-Dame dalla sua riapertura il 7 dicembre.<\/p>\n\n<p>Si alternano ogni marted\u00ec, quando ciascuno \u00e8 assegnato al confessionale, al mattino dalle 10 alle 12.<\/p>\n\n<p>La storia dimostra che gli Oblati sono stati confessori qui per quasi 20 anni. In primo luogo grazie alla disponibilit\u00e0 di Padre G\u00e9rald Lajeunesse omv, che \u00e8 stato presente a Fontenay-aux-Roses dal 2003 al 2013, e di Padre Fran\u00e7ois, che hanno entrambi iniziato come confessori nel 2008. <\/p>\n\n<p>A causa del gran numero di pellegrini e visitatori, la presenza di confessori \u00e8 essenziale. Sappiamo tutti che questo ministero \u00e8 incentrato sulla misericordia di Dio verso tutti coloro che vengono a chiedere questo sacramento. Una visita a Notre-Dame spesso apre le porte a un rapporto pi\u00f9 stretto con Dio.  <\/p>\n\n<p>Preghiamo per una riscoperta di questo sacramento perch\u00e9, diciamolo, i confessori sono molto presenti in esso, i penitenti possono facilmente trovarvi la strada, sono attesi.<\/p>\n\n<p>Tuttavia, gli Oblati della Vergine Maria sono anche confessori presso il santuario di Santa Rita. Puoi fare riferimento alla sezione in cui si parla della &#8220;Riconciliazione&#8221; con Dio: <a href=\"https:\/\/www.chapelle-sainte-rita.com\/it\/riconciliazione-con-dio-il-sacramento-della-guarigione-e-della-penitenza\/\" data-type=\"link\" data-id=\"https:\/\/www.chapelle-sainte-rita.com\/la-reconciliation-avec-dieu\/\">Riconciliazione&#8221; con Dio<\/a>. <\/p>\n\n<figure class=\"wp-block-image aligncenter size-large\"><img fetchpriority=\"high\" decoding=\"async\" width=\"768\" height=\"1024\" src=\"https:\/\/www.chapelle-sainte-rita.com\/wp-content\/uploads\/2025\/01\/1000073707-768x1024.jpg\" alt=\"\" class=\"wp-image-9591\" style=\"aspect-ratio:1;object-fit:cover\" srcset=\"https:\/\/www.chapelle-sainte-rita.com\/wp-content\/uploads\/2025\/01\/1000073707-768x1024.jpg 768w, https:\/\/www.chapelle-sainte-rita.com\/wp-content\/uploads\/2025\/01\/1000073707-225x300.jpg 225w, https:\/\/www.chapelle-sainte-rita.com\/wp-content\/uploads\/2025\/01\/1000073707-1152x1536.jpg 1152w, https:\/\/www.chapelle-sainte-rita.com\/wp-content\/uploads\/2025\/01\/1000073707-1536x2048.jpg 1536w, https:\/\/www.chapelle-sainte-rita.com\/wp-content\/uploads\/2025\/01\/1000073707-scaled.jpg 1920w\" sizes=\"(max-width: 768px) 100vw, 768px\" \/><\/figure>\n\n<figure class=\"wp-block-image aligncenter size-large\"><img decoding=\"async\" width=\"767\" height=\"1024\" src=\"https:\/\/www.chapelle-sainte-rita.com\/wp-content\/uploads\/2025\/01\/1000073717-767x1024.jpg\" alt=\"\" class=\"wp-image-9587\" style=\"aspect-ratio:1;object-fit:cover\" srcset=\"https:\/\/www.chapelle-sainte-rita.com\/wp-content\/uploads\/2025\/01\/1000073717-767x1024.jpg 767w, https:\/\/www.chapelle-sainte-rita.com\/wp-content\/uploads\/2025\/01\/1000073717-225x300.jpg 225w, https:\/\/www.chapelle-sainte-rita.com\/wp-content\/uploads\/2025\/01\/1000073717-768x1025.jpg 768w, https:\/\/www.chapelle-sainte-rita.com\/wp-content\/uploads\/2025\/01\/1000073717-1150x1536.jpg 1150w, https:\/\/www.chapelle-sainte-rita.com\/wp-content\/uploads\/2025\/01\/1000073717-1534x2048.jpg 1534w, https:\/\/www.chapelle-sainte-rita.com\/wp-content\/uploads\/2025\/01\/1000073717-scaled.jpg 1917w\" sizes=\"(max-width: 767px) 100vw, 767px\" \/><\/figure>\n\n<figure class=\"wp-block-image aligncenter size-large\"><img decoding=\"async\" width=\"768\" height=\"1024\" src=\"https:\/\/www.chapelle-sainte-rita.com\/wp-content\/uploads\/2025\/01\/1000073711-768x1024.jpg\" alt=\"\" class=\"wp-image-9595\" style=\"aspect-ratio:1;object-fit:cover\" srcset=\"https:\/\/www.chapelle-sainte-rita.com\/wp-content\/uploads\/2025\/01\/1000073711-768x1024.jpg 768w, https:\/\/www.chapelle-sainte-rita.com\/wp-content\/uploads\/2025\/01\/1000073711-225x300.jpg 225w, https:\/\/www.chapelle-sainte-rita.com\/wp-content\/uploads\/2025\/01\/1000073711-1152x1536.jpg 1152w, https:\/\/www.chapelle-sainte-rita.com\/wp-content\/uploads\/2025\/01\/1000073711-1536x2048.jpg 1536w, https:\/\/www.chapelle-sainte-rita.com\/wp-content\/uploads\/2025\/01\/1000073711-scaled.jpg 1920w\" sizes=\"(max-width: 768px) 100vw, 768px\" \/><\/figure>\n","protected":false},"excerpt":{"rendered":"<p>Padre Fran\u00e7ois Lapointe omv e Padre Guillaume Charbonneau omv sono i confessori della cattedrale di Notre-Dame dalla sua riapertura il 7 dicembre. Si alternano ogni marted\u00ec, quando ciascuno \u00e8 assegnato al confessionale, al mattino dalle 10 alle 12. La storia dimostra che gli Oblati sono stati confessori qui per quasi 20 anni. In primo luogo [&hellip;]<\/p>\n","protected":false},"author":1,"featured_media":9581,"comment_status":"closed","ping_status":"open","sticky":false,"template":"","format":"standard","meta":{"footnotes":""},"categories":[73],"tags":[],"class_list":["post-11587","post","type-post","status-publish","format-standard","has-post-thumbnail","hentry","category-notizie"],"_links":{"self":[{"href":"https:\/\/www.chapelle-sainte-rita.com\/it\/wp-json\/wp\/v2\/posts\/11587","targetHints":{"allow":["GET"]}}],"collection":[{"href":"https:\/\/www.chapelle-sainte-rita.com\/it\/wp-json\/wp\/v2\/posts"}],"about":[{"href":"https:\/\/www.chapelle-sainte-rita.com\/it\/wp-json\/wp\/v2\/types\/post"}],"author":[{"embeddable":true,"href":"https:\/\/www.chapelle-sainte-rita.com\/it\/wp-json\/wp\/v2\/users\/1"}],"replies":[{"embeddable":true,"href":"https:\/\/www.chapelle-sainte-rita.com\/it\/wp-json\/wp\/v2\/comments?post=11587"}],"version-history":[{"count":1,"href":"https:\/\/www.chapelle-sainte-rita.com\/it\/wp-json\/wp\/v2\/posts\/11587\/revisions"}],"predecessor-version":[{"id":11589,"href":"https:\/\/www.chapelle-sainte-rita.com\/it\/wp-json\/wp\/v2\/posts\/11587\/revisions\/11589"}],"wp:featuredmedia":[{"embeddable":true,"href":"https:\/\/www.chapelle-sainte-rita.com\/it\/wp-json\/wp\/v2\/media\/9581"}],"wp:attachment":[{"href":"https:\/\/www.chapelle-sainte-rita.com\/it\/wp-json\/wp\/v2\/media?parent=11587"}],"wp:term":[{"taxonomy":"category","embeddable":true,"href":"https:\/\/www.chapelle-sainte-rita.com\/it\/wp-json\/wp\/v2\/categories?post=11587"},{"taxonomy":"post_tag","embeddable":true,"href":"https:\/\/www.chapelle-sainte-rita.com\/it\/wp-json\/wp\/v2\/tags?post=11587"}],"curies":[{"name":"wp","href":"https:\/\/api.w.org\/{rel}","templated":true}]}}