{"id":11588,"date":"2025-01-06T20:45:26","date_gmt":"2025-01-06T19:45:26","guid":{"rendered":"https:\/\/www.chapelle-sainte-rita.com\/il-battesimo-di-gesu\/"},"modified":"2025-03-13T11:36:38","modified_gmt":"2025-03-13T10:36:38","slug":"il-battesimo-di-gesu","status":"publish","type":"post","link":"https:\/\/www.chapelle-sainte-rita.com\/it\/il-battesimo-di-gesu\/","title":{"rendered":"Il Battesimo di Ges\u00f9"},"content":{"rendered":"\n<h4 class=\"wp-block-heading\">SERMONE DI SAINT GR\u00c9GOIRE DE NAZIANZE PER LA FESTA DELLE LUCI<\/h4>\n\n<p><strong>&#8220;Coloro che vedono la luce sono nella luce&#8221;.<\/strong><br\/><br\/>Cristo \u00e8 illuminato dal battesimo, risplendiamo con lui; \u00e8 immerso nell&#8217;acqua, scendiamo con lui per risorgere con lui. ~<br\/><br\/>Giovanni sta battezzando e Ges\u00f9 si avvicina; forse per santificare colui che lo battezzer\u00e0; certamente per seppellire tutto il vecchio Adamo in fondo all&#8217;acqua. Ma prima e in vista di questo, santifica il Giordano. E poich\u00e9 \u00e8 spirito e carne, vuole essere in grado di iniziare con l&#8217;acqua e con lo Spirito.  <br\/><br\/>Il Battista si rifiuta di battezzarlo. Ges\u00f9 insiste. Ma: <em>Sono io che devo essere battezzato da te<\/em>. \u00c8 cos\u00ec che la lampada parla al sole, la voce alla Parola, l&#8217;amico dello Sposo allo Sposo, <em>il pi\u00f9 grande dei figli di donna al primogenito di tutta la creazione <\/em>, colui che salt\u00f2 nel grembo di sua madre a colui che fu adorato nel suo grembo, il precursore presente e futuro a colui che \u00e8 appena apparso e riapparir\u00e0. <em>Sono io che devo essere battezzato da te<\/em>. Che Giovanni aggiunga dunque: e sacrificando me stesso per voi. Perch\u00e9 sapeva che avrebbe ricevuto il battesimo del martirio; o, come Pietro, che i suoi piedi da soli non sarebbero stati purificati. ~    <br\/><br\/>Ma ecco Ges\u00f9 che emerge dall&#8217;acqua. Anzi, porta con s\u00e9 il mondo. Con lui, lo solleva; <em>vede i cieli squarciati,<\/em> mentre Adamo li aveva chiusi per lui e i suoi discendenti quando fu espulso dal paradiso difeso dalla spada di fuoco.  <br\/><br\/>Allora lo Spirito testimonia la sua divinit\u00e0, perch\u00e9 corre verso colui che \u00e8 della stessa natura. Una voce scende dal cielo per testimoniare colui che \u00e8 venuto; e, sotto forma di colomba, onora il corpo, poich\u00e9 Dio, mostrandosi in forma corporea, divinizza anche il corpo. \u00c8 cos\u00ec che, molti secoli prima, una colomba venne ad annunciare la buona notizia della fine del diluvio.  <br\/><br\/>Onoriamo oggi il battesimo di Cristo e celebriamo questa festa in modo irreprensibile. ~<br\/><br\/>Siate completamente purificati e purificatevi di nuovo. Perch\u00e9 nulla d\u00e0 a Dio tanta gioia quanto la guarigione e la salvezza dell&#8217;uomo: \u00e8 a questo che mira tutto questo discorso e tutto questo mistero. Siate <em>come fonti di luce nel mondo<\/em>, una forza vitale per gli altri uomini. Come luci perfette che assistono la grande Luce, siate iniziati alla vita di luce che \u00e8 nei cieli; siate illuminati con maggiore chiarezza e brillantezza dalla Santa Trinit\u00e0, di cui ora avete ricevuto, in modo limitato, un solo raggio, proveniente dall&#8217;unica divinit\u00e0, in Ges\u00f9 Cristo nostro Signore, a cui appartengono la gloria e la potenza nei secoli dei secoli. Amen.    <\/p>\n\n<h4 class=\"wp-block-heading\">Risposta<\/h4>\n\n<p>R\/ Signore Ges\u00f9, tu sei la luce del mondo!<br\/><br\/>Lo Spirito del Signore Dio \u00e8 su di me&#8221;, disse a<br\/>, &#8220;perch\u00e9 mi ha unto.<br\/><br\/>Mi ha mandato a portare la Buona Novella ai poveri,<br\/>a proclamare la libert\u00e0, ad annunciare un tempo di grazia.<br\/><br\/>\u00c8 da Dio che sono venuto e andato,<br\/>non sono venuto da me stesso. Mi ha mandato Dio. <\/p>\n\n<h4 class=\"wp-block-heading\">Te Deum<\/h4>\n\n<p>A te Dio, la nostra lode!<br\/>Ti acclamiamo, tu sei il Signore!<br\/>A te Padre eterno,<br\/>L&#8217;inno dell&#8217;universo.<\/p>\n\n<p>Davanti a te si inchinano gli arcangeli,<br\/>gli angeli e gli spiriti del cielo;<br\/>ti rendono grazie;<br\/>adorano e cantano:<\/p>\n\n<p>Santo, santo, santo, il Signore,<br\/>Dio dell&#8217;universo;<br\/>cielo e la terra sono pieni della tua gloria.<\/p>\n\n<p>Gli apostoli ti glorificano,<br\/>i profeti ti annunciano,<br\/>i martiri ti testimoniano;<br\/>la Chiesa ti proclama e ti riconosce in tutto il mondo<br\/>.<\/p>\n\n<p>Dio, ti adoriamo:<br\/>Padre infinitamente santo,<br\/>Figlio eterno e amato,<br\/>Spirito di potenza e di pace.<\/p>\n\n<p>Cristo, Figlio del Dio vivente,<br\/>Signore della gloria,<br\/>non hai avuto paura di assumere la carne<br\/>nel corpo di una vergine<br\/>per liberare l&#8217;umanit\u00e0 prigioniera.<\/p>\n\n<p>Con la tua vittoria sulla morte,<br\/>hai aperto le porte del Regno a ogni credente<br\/><br\/> regni alla destra del Padre<br\/>verrai a giudicare.<\/p>\n\n<p>Mostrati difensore e amico<br\/>di coloro che sono stati salvati dal tuo sangue:<br\/>prendili con tutti i santi<br\/>nella tua gioia e nella tua luce.<\/p>\n\n<h4 class=\"wp-block-heading\">Oraison<\/h4>\n\n<p>Dio eterno e onnipotente, quando Cristo fu battezzato nel Giordano e lo Spirito Santo si pos\u00f2 su di lui, lo designasti come tuo Figlio diletto; concedi che i tuoi figli adottivi, nati dall&#8217;acqua e dallo Spirito, siano sempre memori della tua santa volont\u00e0.<\/p>\n\n<figure class=\"wp-block-image aligncenter size-full\"><img fetchpriority=\"high\" decoding=\"async\" width=\"545\" height=\"720\" src=\"https:\/\/www.chapelle-sainte-rita.com\/wp-content\/uploads\/2025\/01\/1571344946714.jpeg\" alt=\"\" class=\"wp-image-9440\" srcset=\"https:\/\/www.chapelle-sainte-rita.com\/wp-content\/uploads\/2025\/01\/1571344946714.jpeg 545w, https:\/\/www.chapelle-sainte-rita.com\/wp-content\/uploads\/2025\/01\/1571344946714-227x300.jpeg 227w\" sizes=\"(max-width: 545px) 100vw, 545px\" \/><\/figure>\n","protected":false},"excerpt":{"rendered":"<p>SERMONE DI SAINT GR\u00c9GOIRE DE NAZIANZE PER LA FESTA DELLE LUCI &#8220;Coloro che vedono la luce sono nella luce&#8221;. Cristo \u00e8 illuminato dal battesimo, risplendiamo con lui; \u00e8 immerso nell&#8217;acqua, scendiamo con lui per risorgere con lui. ~ Giovanni sta battezzando e Ges\u00f9 si avvicina; forse per santificare colui che lo battezzer\u00e0; certamente per seppellire [&hellip;]<\/p>\n","protected":false},"author":1,"featured_media":9438,"comment_status":"closed","ping_status":"open","sticky":false,"template":"","format":"standard","meta":{"footnotes":""},"categories":[82],"tags":[],"class_list":["post-11588","post","type-post","status-publish","format-standard","has-post-thumbnail","hentry","category-formazione"],"_links":{"self":[{"href":"https:\/\/www.chapelle-sainte-rita.com\/it\/wp-json\/wp\/v2\/posts\/11588","targetHints":{"allow":["GET"]}}],"collection":[{"href":"https:\/\/www.chapelle-sainte-rita.com\/it\/wp-json\/wp\/v2\/posts"}],"about":[{"href":"https:\/\/www.chapelle-sainte-rita.com\/it\/wp-json\/wp\/v2\/types\/post"}],"author":[{"embeddable":true,"href":"https:\/\/www.chapelle-sainte-rita.com\/it\/wp-json\/wp\/v2\/users\/1"}],"replies":[{"embeddable":true,"href":"https:\/\/www.chapelle-sainte-rita.com\/it\/wp-json\/wp\/v2\/comments?post=11588"}],"version-history":[{"count":1,"href":"https:\/\/www.chapelle-sainte-rita.com\/it\/wp-json\/wp\/v2\/posts\/11588\/revisions"}],"predecessor-version":[{"id":11590,"href":"https:\/\/www.chapelle-sainte-rita.com\/it\/wp-json\/wp\/v2\/posts\/11588\/revisions\/11590"}],"wp:featuredmedia":[{"embeddable":true,"href":"https:\/\/www.chapelle-sainte-rita.com\/it\/wp-json\/wp\/v2\/media\/9438"}],"wp:attachment":[{"href":"https:\/\/www.chapelle-sainte-rita.com\/it\/wp-json\/wp\/v2\/media?parent=11588"}],"wp:term":[{"taxonomy":"category","embeddable":true,"href":"https:\/\/www.chapelle-sainte-rita.com\/it\/wp-json\/wp\/v2\/categories?post=11588"},{"taxonomy":"post_tag","embeddable":true,"href":"https:\/\/www.chapelle-sainte-rita.com\/it\/wp-json\/wp\/v2\/tags?post=11588"}],"curies":[{"name":"wp","href":"https:\/\/api.w.org\/{rel}","templated":true}]}}