{"id":7815,"date":"2024-09-19T07:11:00","date_gmt":"2024-09-19T05:11:00","guid":{"rendered":"https:\/\/www.chapelle-sainte-rita.com\/giornata-dingresso-per-il-personale-della-diocesi-di-nanterre\/"},"modified":"2024-12-13T12:33:52","modified_gmt":"2024-12-13T11:33:52","slug":"giornata-dingresso-per-il-personale-della-diocesi-di-nanterre","status":"publish","type":"post","link":"https:\/\/www.chapelle-sainte-rita.com\/it\/giornata-dingresso-per-il-personale-della-diocesi-di-nanterre\/","title":{"rendered":"Giornata di ritorno al lavoro per il personale del vescovato di Nanterre"},"content":{"rendered":"\n<p>Il 19 settembre, tutto il personale dei vari dipartimenti della Maison dioc\u00e9saine di Nanterre si \u00e8 riunito con <strong>Mons. Matthieu ROUGE <\/strong>e il Vicario Generale, <strong>Padre Georges Vandenbeusch<\/strong>, per iniziare insieme l&#8217;anno 2024-2025 e per stabilire e condividere gli obiettivi da raggiungere, le sfide da affrontare e i principali eventi che segneranno i prossimi mesi, tra cui il 1700\u00b0 anniversario del Concilio di Nicea.<\/p>\n\n<p>Questo incontro doveva essere anche un momento di fraternit\u00e0 per tutti, oltre che un momento di preghiera comune intorno alla figura di Santa Rita, modello di perseveranza nell&#8217;azione pastorale. La messa \u00e8 stata celebrata l\u00ec e una presentazione del nostro santuario ha dato a molti l&#8217;opportunit\u00e0 di conoscere la sua esistenza, la bellezza del sito e la praticit\u00e0 dell&#8217;accoglienza.<\/p>\n\n<p>L&#8217;entusiasmo era all&#8217;ordine del giorno!<\/p>\n","protected":false},"excerpt":{"rendered":"<p>Il 19 settembre, tutto il personale dei vari dipartimenti della Maison dioc\u00e9saine di Nanterre si \u00e8 riunito con Mons. Matthieu ROUGE e il Vicario Generale, Padre Georges Vandenbeusch, per iniziare insieme l&#8217;anno 2024-2025 e per stabilire e condividere gli obiettivi da raggiungere, le sfide da affrontare e i principali eventi che segneranno i prossimi mesi, [&hellip;]<\/p>\n","protected":false},"author":1,"featured_media":7249,"comment_status":"closed","ping_status":"open","sticky":false,"template":"","format":"standard","meta":{"footnotes":""},"categories":[57,73],"tags":[],"class_list":["post-7815","post","type-post","status-publish","format-standard","has-post-thumbnail","hentry","category-non-categorizzato","category-notizie"],"_links":{"self":[{"href":"https:\/\/www.chapelle-sainte-rita.com\/it\/wp-json\/wp\/v2\/posts\/7815","targetHints":{"allow":["GET"]}}],"collection":[{"href":"https:\/\/www.chapelle-sainte-rita.com\/it\/wp-json\/wp\/v2\/posts"}],"about":[{"href":"https:\/\/www.chapelle-sainte-rita.com\/it\/wp-json\/wp\/v2\/types\/post"}],"author":[{"embeddable":true,"href":"https:\/\/www.chapelle-sainte-rita.com\/it\/wp-json\/wp\/v2\/users\/1"}],"replies":[{"embeddable":true,"href":"https:\/\/www.chapelle-sainte-rita.com\/it\/wp-json\/wp\/v2\/comments?post=7815"}],"version-history":[{"count":3,"href":"https:\/\/www.chapelle-sainte-rita.com\/it\/wp-json\/wp\/v2\/posts\/7815\/revisions"}],"predecessor-version":[{"id":8361,"href":"https:\/\/www.chapelle-sainte-rita.com\/it\/wp-json\/wp\/v2\/posts\/7815\/revisions\/8361"}],"wp:featuredmedia":[{"embeddable":true,"href":"https:\/\/www.chapelle-sainte-rita.com\/it\/wp-json\/wp\/v2\/media\/7249"}],"wp:attachment":[{"href":"https:\/\/www.chapelle-sainte-rita.com\/it\/wp-json\/wp\/v2\/media?parent=7815"}],"wp:term":[{"taxonomy":"category","embeddable":true,"href":"https:\/\/www.chapelle-sainte-rita.com\/it\/wp-json\/wp\/v2\/categories?post=7815"},{"taxonomy":"post_tag","embeddable":true,"href":"https:\/\/www.chapelle-sainte-rita.com\/it\/wp-json\/wp\/v2\/tags?post=7815"}],"curies":[{"name":"wp","href":"https:\/\/api.w.org\/{rel}","templated":true}]}}