{"id":9391,"date":"2025-01-10T06:00:00","date_gmt":"2025-01-10T05:00:00","guid":{"rendered":"https:\/\/www.chapelle-sainte-rita.com\/venerdi-dellepifania\/"},"modified":"2025-01-10T06:00:05","modified_gmt":"2025-01-10T05:00:05","slug":"venerdi-dellepifania","status":"publish","type":"post","link":"https:\/\/www.chapelle-sainte-rita.com\/it\/venerdi-dellepifania\/","title":{"rendered":"Venerd\u00ec dell&#8217;Epifania"},"content":{"rendered":"\n<h4 class=\"wp-block-heading\">SERMONE DELL&#8217;EPIFANIA DI SAN MASSIMO DI TORINO<\/h4>\n\n<p><strong>I misteri del battesimo del Signore<\/strong><br \/><br \/>Il Vangelo riferisce che il Signore si rec\u00f2 al Giordano per essere battezzato e che volle essere consacrato in quel fiume ai misteri celesti. ~<br \/><br \/>Infatti, \u00e8 giusto che dopo il giorno della nascita del Salvatore &#8211; molti anni dopo, ma nello stesso momento &#8211; arrivi questa festa, che a mio parere dovrebbe essere chiamata anche festa della sua nativit\u00e0.<br \/><br \/>Nato allora per gli uomini, rinasce oggi nei sacramenti. Allora fu messo al mondo dalla Vergine, oggi \u00e8 stato generato dal mistero. ~ L\u00e0, quando nacque nella nostra umanit\u00e0, sua madre Maria lo riscald\u00f2 nel suo grembo; qui, quando fu generato secondo il mistero, Dio Padre lo accolse con la sua parola. Egli disse:     <em>Questo \u00e8 mio Figlio, nel quale mi sono compiaciuto. Ascoltatelo <\/em>. Sua Madre, nel darlo alla luce, lo accarezz\u00f2 teneramente sul suo seno, il Padre lo sostenne con una testimonianza affettuosa; sua Madre lo present\u00f2 all&#8217;adorazione dei Magi, il Padre lo mostr\u00f2 alle nazioni perch\u00e9 lo venerassero. ~<br \/><br \/>Il Signore Ges\u00f9 \u00e8 venuto a battezzarsi e ha voluto che il suo corpo santissimo fosse lavato con l&#8217;acqua.<br \/><br \/>Qualcuno potrebbe dire: &#8220;Colui che \u00e8 santo, perch\u00e9 ha voluto essere battezzato? Ascolta allora. Cristo viene battezzato non per essere santificato dall&#8217;acqua, ma per santificare l&#8217;acqua stessa e per purificare le acque che tocca con la sua purezza. La consacrazione di Cristo \u00e8 infatti la consacrazione fondamentale dell&#8217;elemento.  <br \/><br \/>Quando il Salvatore viene lavato, \u00e8 allora che l&#8217;acqua viene interamente purificata in anticipo per il nostro battesimo; la fonte viene purificata affinch\u00e9, d&#8217;ora in poi, la grazia del battesimo venga amministrata ai popoli a venire. Cristo ha quindi ricevuto il battesimo in anticipo, affinch\u00e9 i popoli cristiani lo seguissero con fiducia. <br \/><br \/>Comprendo il mistero: \u00e8 cos\u00ec che la colonna di fuoco attravers\u00f2 per prima il Mar Rosso, affinch\u00e9 i figli d&#8217;Israele seguissero le sue orme senza timore. Essa attravers\u00f2 per prima le acque per preparare la strada a coloro che sarebbero venuti dopo di lei. Questo, dice l&#8217;Apostolo, era un mistero che prefigurava il battesimo. S\u00ec, era come il battesimo, quando la nuvola copriva gli uomini e l&#8217;acqua li trasportava.   <br \/><br \/>Ma \u00e8 stato Cristo, il Signore, a realizzare tutto questo. \u00c8 stato lui a precedere i figli di Israele attraverso il mare nella colonna di fuoco. Allo stesso modo, ora \u00e8 lui che, attraverso il battesimo, precede i popoli cristiani nel suo stesso corpo. Egli \u00e8, direi, quella colonna che allora offriva la sua luce agli occhi di coloro che lo seguivano e che ora offre luce ai cuori dei credenti. Allora offriva un solido cammino attraverso le acque; ora rafforza i passi della fede nel battesimo.    <\/p>\n\n<h4 class=\"wp-block-heading\">Risposta<\/h4>\n\n<div class=\"wp-block-group is-nowrap is-layout-flex wp-container-core-group-is-layout-6c531013 wp-block-group-is-layout-flex\">\n<figure class=\"wp-block-image size-large\"><img fetchpriority=\"high\" decoding=\"async\" width=\"1024\" height=\"833\" src=\"https:\/\/www.chapelle-sainte-rita.com\/wp-content\/uploads\/2025\/01\/missel-jacques-de-beaune-rois-mages-1024x833.webp\" alt=\"\" class=\"wp-image-9372\" srcset=\"https:\/\/www.chapelle-sainte-rita.com\/wp-content\/uploads\/2025\/01\/missel-jacques-de-beaune-rois-mages-1024x833.webp 1024w, https:\/\/www.chapelle-sainte-rita.com\/wp-content\/uploads\/2025\/01\/missel-jacques-de-beaune-rois-mages-300x244.webp 300w, https:\/\/www.chapelle-sainte-rita.com\/wp-content\/uploads\/2025\/01\/missel-jacques-de-beaune-rois-mages-768x625.webp 768w, https:\/\/www.chapelle-sainte-rita.com\/wp-content\/uploads\/2025\/01\/missel-jacques-de-beaune-rois-mages.webp 1286w\" sizes=\"(max-width: 1024px) 100vw, 1024px\" \/><\/figure>\n\n\n\n<p><br \/><br \/><br \/><br \/><br \/><br \/><br \/>R\/ L&#8217;amore di Dio viene riversato nei nostri cuori dallo Spirito Santo. Le nazioni conosceranno che io sono il Signore quando la mia santit\u00e0 risplender\u00e0 su di voi. Io vi purificher\u00f2 da tutti i vostri peccati; le nazioni conosceranno che io sono il Signore:<br \/><br \/><br \/><br \/><br \/><br \/>Vi dar\u00f2 un cuore nuovo, metter\u00f2 in voi uno spirito nuovo, metter\u00f2 in voi il mio Spirito e camminerete nei miei statuti.<\/p>\n<\/div>\n\n<h4 class=\"wp-block-heading\">Oraison<\/h4>\n\n<p>Dio onnipotente, hai indicato con una stella la nascita di un Salvatore per il mondo; mantieni la tua luce nei nostri cuori affinch\u00e9 possiamo entrare pi\u00f9 profondamente in questo mistero.<\/p>\n","protected":false},"excerpt":{"rendered":"<p>SERMONE DELL&#8217;EPIFANIA DI SAN MASSIMO DI TORINO I misteri del battesimo del Signore Il Vangelo riferisce che il Signore si rec\u00f2 al Giordano per essere battezzato e che volle essere consacrato in quel fiume ai misteri celesti. ~ Infatti, \u00e8 giusto che dopo il giorno della nascita del Salvatore &#8211; molti anni dopo, ma nello [&hellip;]<\/p>\n","protected":false},"author":1,"featured_media":9370,"comment_status":"closed","ping_status":"open","sticky":false,"template":"","format":"standard","meta":{"footnotes":""},"categories":[82],"tags":[],"class_list":["post-9391","post","type-post","status-publish","format-standard","has-post-thumbnail","hentry","category-formazione"],"_links":{"self":[{"href":"https:\/\/www.chapelle-sainte-rita.com\/it\/wp-json\/wp\/v2\/posts\/9391","targetHints":{"allow":["GET"]}}],"collection":[{"href":"https:\/\/www.chapelle-sainte-rita.com\/it\/wp-json\/wp\/v2\/posts"}],"about":[{"href":"https:\/\/www.chapelle-sainte-rita.com\/it\/wp-json\/wp\/v2\/types\/post"}],"author":[{"embeddable":true,"href":"https:\/\/www.chapelle-sainte-rita.com\/it\/wp-json\/wp\/v2\/users\/1"}],"replies":[{"embeddable":true,"href":"https:\/\/www.chapelle-sainte-rita.com\/it\/wp-json\/wp\/v2\/comments?post=9391"}],"version-history":[{"count":2,"href":"https:\/\/www.chapelle-sainte-rita.com\/it\/wp-json\/wp\/v2\/posts\/9391\/revisions"}],"predecessor-version":[{"id":9577,"href":"https:\/\/www.chapelle-sainte-rita.com\/it\/wp-json\/wp\/v2\/posts\/9391\/revisions\/9577"}],"wp:featuredmedia":[{"embeddable":true,"href":"https:\/\/www.chapelle-sainte-rita.com\/it\/wp-json\/wp\/v2\/media\/9370"}],"wp:attachment":[{"href":"https:\/\/www.chapelle-sainte-rita.com\/it\/wp-json\/wp\/v2\/media?parent=9391"}],"wp:term":[{"taxonomy":"category","embeddable":true,"href":"https:\/\/www.chapelle-sainte-rita.com\/it\/wp-json\/wp\/v2\/categories?post=9391"},{"taxonomy":"post_tag","embeddable":true,"href":"https:\/\/www.chapelle-sainte-rita.com\/it\/wp-json\/wp\/v2\/tags?post=9391"}],"curies":[{"name":"wp","href":"https:\/\/api.w.org\/{rel}","templated":true}]}}