{"id":9425,"date":"2025-01-07T06:00:00","date_gmt":"2025-01-07T05:00:00","guid":{"rendered":"https:\/\/www.chapelle-sainte-rita.com\/martedi-dellepifania\/"},"modified":"2025-01-07T06:00:02","modified_gmt":"2025-01-07T05:00:02","slug":"martedi-dellepifania","status":"publish","type":"post","link":"https:\/\/www.chapelle-sainte-rita.com\/it\/martedi-dellepifania\/","title":{"rendered":"Marted\u00ec dell&#8217;Epifania"},"content":{"rendered":"\n<h4 class=\"wp-block-heading\">Omelia del IV secolo per l&#8217;epifania<\/h4>\n\n<p><strong>Acqua e Spirito<\/strong><\/p>\n\n<p>Ges\u00f9 and\u00f2 da Giovanni e fu battezzato da lui nel Giordano. Che eventi incredibilmente meravigliosi! Come \u00e8 stato lavato in poca acqua <em>il fiume<\/em> sconfinato <em>che delizia la citt\u00e0 di Dio<\/em>? La fonte incomprensibile che porta la vita per tutti gli uomini e che non ha fine \u00e8 stata coperta da acque misere e fugaci! Colui che \u00e8 presente ovunque, che non \u00e8 presente in nessun luogo, che \u00e8 incomprensibile agli angeli e invisibile agli uomini, viene al battesimo perch\u00e9 lo ha voluto Lui. ~ <br \/><br \/><em>Ed ecco che i cieli si aprirono a lui<\/em> <em>e una voce disse: &#8220;Questo \u00e8 il mio amato Figlio, nel quale mi sono compiaciuto<\/em>&#8220;. L&#8217;Amato genera amore e la Luce immateriale genera <em>luce inaccessibile<\/em>. ~  <br \/><br \/>Quest&#8217;uomo \u00e8 chiamato figlio di Giuseppe ed \u00e8 &#8220;il mio unico figlio&#8221; secondo l&#8217;essenza divina: <em>Questo \u00e8 il mio amato Figlio<\/em>. Ha fame e d\u00e0 da mangiare a migliaia di persone; lavora e d\u00e0 riposo a coloro che lavorano; non ha dove posare il capo e porta tutto nella sua mano; soffre e rimedia alla sofferenza; soffre e d\u00e0 libert\u00e0 al mondo; il suo fianco \u00e8 stato trafitto e ristabilisce il fianco di Adamo. <br \/><br \/>Ma ascoltami bene: voglio tornare alla fonte della vita e contemplare la sorgente da cui scaturiscono le cure. Il Padre dell&#8217;immortalit\u00e0 ha mandato nel mondo il suo Figlio immortale, il suo Verbo. Venne a lavare l&#8217;uomo con l&#8217;acqua e lo Spirito. Lo fece rinascere per rendere incorruttibili la sua anima e il suo corpo; risvegli\u00f2 in noi il suo soffio di vita e ci rivest\u00ec di un&#8217;armatura incorruttibile. Quindi, se l&#8217;uomo \u00e8 diventato immortale, diventer\u00e0 anche Dio. E se diventa Dio attraverso l&#8217;acqua e lo Spirito Santo dopo aver ricevuto la nuova nascita nel battesimo, sar\u00e0 anche un coerede di Cristo nella resurrezione dai morti.     <br \/><br \/>Cos\u00ec proclamo: &#8220;Venite, tutte le trib\u00f9 delle nazioni, al bagno dell&#8217;immortalit\u00e0! ~ Quest&#8217;acqua, unita allo Spirito, \u00e8 l&#8217;acqua che bagna il Paradiso, che feconda la terra, che fa crescere le piante e fa nascere i vivi. In poche parole, fa rinascere l&#8217;uomo, \u00e8 l&#8217;acqua in cui Cristo fu battezzato, \u00e8 l&#8217;acqua su cui lo Spirito discese sotto forma di colomba. ~<br \/><br \/>Chi si immerge con fede in questo bagno della nuova nascita si separa dal diavolo e si unisce a Cristo. Rinuncia al nemico e confessa che Cristo \u00e8 Dio. Rifiuta la schiavit\u00f9 e assume la condizione di figlio adottivo. Esce dal bagno risplendente come il sole, radioso di rettitudine. Ma soprattutto emerge come figlio di Dio e coerede di Cristo.    <br \/><br \/>A lui sia la gloria e la potenza, e al santissimo Spirito buono e vivificante, ora e sempre e nei secoli dei secoli. Amen. <\/p>\n\n<h4 class=\"wp-block-heading\">Risposta<\/h4>\n\n<p><br \/><br \/><br \/><br \/><br \/><br \/><br \/><br \/><br \/><br \/><br \/><br \/><br \/>R\/ Un solo Signore, una sola fede, un solo battesimo, un solo Dio e Padre. Chiamati a mantenere l&#8217;unit\u00e0 dello Spirito per mezzo del vincolo della pace, cantiamo e proclamiamo: Chiamati a formare un solo Corpo in un solo Spirito, cantiamo e proclamiamo: Chiamati a condividere una sola speranza in Cristo, cantiamo e proclamiamo:<\/p>\n\n<h4 class=\"wp-block-heading\">Oraison<\/h4>\n\n<p>Dio eterno, \u00e8 nella realt\u00e0 della nostra carne che \u00e8 apparso il tuo unico Figlio; poich\u00e9 riconosciamo che la sua umanit\u00e0 era simile alla nostra, concedici il dono di essere trasformati da lui nel profondo del nostro cuore. Colui che regna. <\/p>\n\n<figure class=\"wp-block-image aligncenter size-full\"><img fetchpriority=\"high\" decoding=\"async\" width=\"549\" height=\"800\" src=\"https:\/\/www.chapelle-sainte-rita.com\/wp-content\/uploads\/2025\/01\/60598707-2.jpg\" alt=\"\" class=\"wp-image-9333\" srcset=\"https:\/\/www.chapelle-sainte-rita.com\/wp-content\/uploads\/2025\/01\/60598707-2.jpg 549w, https:\/\/www.chapelle-sainte-rita.com\/wp-content\/uploads\/2025\/01\/60598707-2-206x300.jpg 206w\" sizes=\"(max-width: 549px) 100vw, 549px\" \/><\/figure>\n","protected":false},"excerpt":{"rendered":"<p>Omelia del IV secolo per l&#8217;epifania Acqua e Spirito Ges\u00f9 and\u00f2 da Giovanni e fu battezzato da lui nel Giordano. Che eventi incredibilmente meravigliosi! Come \u00e8 stato lavato in poca acqua il fiume sconfinato che delizia la citt\u00e0 di Dio? La fonte incomprensibile che porta la vita per tutti gli uomini e che non ha [&hellip;]<\/p>\n","protected":false},"author":1,"featured_media":9339,"comment_status":"closed","ping_status":"open","sticky":false,"template":"","format":"standard","meta":{"footnotes":""},"categories":[82],"tags":[],"class_list":["post-9425","post","type-post","status-publish","format-standard","has-post-thumbnail","hentry","category-formazione"],"_links":{"self":[{"href":"https:\/\/www.chapelle-sainte-rita.com\/it\/wp-json\/wp\/v2\/posts\/9425","targetHints":{"allow":["GET"]}}],"collection":[{"href":"https:\/\/www.chapelle-sainte-rita.com\/it\/wp-json\/wp\/v2\/posts"}],"about":[{"href":"https:\/\/www.chapelle-sainte-rita.com\/it\/wp-json\/wp\/v2\/types\/post"}],"author":[{"embeddable":true,"href":"https:\/\/www.chapelle-sainte-rita.com\/it\/wp-json\/wp\/v2\/users\/1"}],"replies":[{"embeddable":true,"href":"https:\/\/www.chapelle-sainte-rita.com\/it\/wp-json\/wp\/v2\/comments?post=9425"}],"version-history":[{"count":2,"href":"https:\/\/www.chapelle-sainte-rita.com\/it\/wp-json\/wp\/v2\/posts\/9425\/revisions"}],"predecessor-version":[{"id":9505,"href":"https:\/\/www.chapelle-sainte-rita.com\/it\/wp-json\/wp\/v2\/posts\/9425\/revisions\/9505"}],"wp:featuredmedia":[{"embeddable":true,"href":"https:\/\/www.chapelle-sainte-rita.com\/it\/wp-json\/wp\/v2\/media\/9339"}],"wp:attachment":[{"href":"https:\/\/www.chapelle-sainte-rita.com\/it\/wp-json\/wp\/v2\/media?parent=9425"}],"wp:term":[{"taxonomy":"category","embeddable":true,"href":"https:\/\/www.chapelle-sainte-rita.com\/it\/wp-json\/wp\/v2\/categories?post=9425"},{"taxonomy":"post_tag","embeddable":true,"href":"https:\/\/www.chapelle-sainte-rita.com\/it\/wp-json\/wp\/v2\/tags?post=9425"}],"curies":[{"name":"wp","href":"https:\/\/api.w.org\/{rel}","templated":true}]}}