{"id":9431,"date":"2025-01-08T06:00:00","date_gmt":"2025-01-08T05:00:00","guid":{"rendered":"https:\/\/www.chapelle-sainte-rita.com\/mercoledi-dellepifania\/"},"modified":"2025-01-08T06:00:02","modified_gmt":"2025-01-08T05:00:02","slug":"mercoledi-dellepifania","status":"publish","type":"post","link":"https:\/\/www.chapelle-sainte-rita.com\/it\/mercoledi-dellepifania\/","title":{"rendered":"Mercoled\u00ec dell&#8217;Epifania"},"content":{"rendered":"\n<h4 class=\"wp-block-heading\">SERMONE DI SAN PROCLO DI COSTANTINOPOLI PER IL BATTESIMO DI CRISTO<\/h4>\n\n<p><strong>&#8220;Luce della luce, o Cristo, sei apparso oggi&#8221;&#8230;<\/strong><br \/><br \/>Cristo si \u00e8 manifestato al mondo, ha riportato questo mondo al caos, gli ha ridato il suo splendore. Ha assunto il peccato del mondo e ha sconfitto il nemico del mondo. Ha santificato le sorgenti d&#8217;acqua e ha illuminato le anime degli uomini. Ha aggiunto miracoli ancora pi\u00f9 grandi ai miracoli che ha compiuto.   <br \/><br \/>Oggi, infatti, la terra e il mare hanno partecipato alla grazia del Salvatore e il mondo intero \u00e8 stato riempito di gioia; e la festa di oggi mostra un aumento delle meraviglie rispetto alla festa precedente.<br \/><br \/>Ma oggi, con la festa delle Teofanie, \u00e8 il mare a gioire, a gioire perch\u00e9 attraverso il Giordano ha ricevuto la benedizione che lo santifica.<br \/><br \/>La festa precedente ci ha mostrato un bambino povero che manifestava la nostra povert\u00e0. La festa di oggi lo mostra nella sua perfezione, suggerendo che \u00e8 l&#8217;Essere perfetto, nato dall&#8217;Essere perfetto. ~ Per i Magi, il Re era vestito della porpora del suo corpo. Oggi, nel battesimo, colui che \u00e8 la Sorgente viene avvolto dall&#8217;acqua del fiume.   <br \/><br \/>Guardate queste incredibili meraviglie: il Sole della Giustizia che si bagna nel Giordano, il Fuoco immerso nell&#8217;acqua, Dio santificato da un uomo!<br \/><br \/>Oggi tutta la creazione esplode nella lode e grida: &#8221; <em>Benedetto colui che viene nel nome del Signore!<\/em> Benedetto colui che viene in ogni tempo, perch\u00e9 questa non \u00e8 la sua prima venuta. ~<br \/><br \/>E chi \u00e8? Diccelo chiaramente, beato Davide: <em>Dio, il Signore, ci illumina<\/em>. Il profeta Davide non \u00e8 l&#8217;unico a dirci questo; l&#8217;apostolo Paolo aggiunge la sua testimonianza quando proclama:    <em>La grazia di Dio \u00e8 stata manifestata per la salvezza di tutti gli uomini. Ci istruisce <\/em>. Elle ne s\u2019est pas manifest\u00e9e pour le salut de certains hommes, mais <em>pour le salut<\/em> de tous. Car c\u2019est \u00e0 tous, Juifs aussi bien que non-Juifs, qu\u2019elle accorde le salut par le bapt\u00eame, qu\u2019elle offre le bapt\u00eame comme un bienfait universel.  <br \/><br \/>Guardate questo sorprendente diluvio, di gran lunga superiore a quello dei tempi di No\u00e8. Allora, l&#8217;acqua del diluvio uccise l&#8217;umanit\u00e0; oggi, l&#8217;acqua del battesimo, per la potenza di Colui che \u00e8 stato battezzato, riporta in vita i morti. ~ Allora una colomba, che portava nel becco un ramo d&#8217;ulivo, prefigurava il buon odore di Cristo. Oggi lo Spirito Santo, apparendo sotto le sembianze di una colomba, ci mostra quanto il Signore sia misericordioso.   <\/p>\n\n<h4 class=\"wp-block-heading\">Risposta<\/h4>\n\n<p><br \/><br \/><br \/><br \/><br \/><br \/><br \/><br \/><br \/><br \/>Il mondo si apre alla vita, <strong>l<\/strong>&#8216;uomo riceve lo Spirito, il soffio dell&#8217;Altissimo e sorge un nuovo popolo, di ogni razza, lingua e frontiera. R\/ Per diventare il corpo di Ges\u00f9 Cristo e trasformare la faccia della terra. Nello Spirito Santo sarai battezzato:<\/p>\n\n<h4 class=\"wp-block-heading\">Oraison<\/h4>\n\n<p>Signore nostro Dio, sole che splende su tutte le nazioni, concedi ai popoli della terra di vivere in pace, e suscita nei nostri cuori la meravigliosa luce che guid\u00f2 i Magi verso il tuo Figlio. Colui che regna. <\/p>\n\n<figure class=\"wp-block-image aligncenter size-full\"><img fetchpriority=\"high\" decoding=\"async\" width=\"337\" height=\"429\" src=\"https:\/\/www.chapelle-sainte-rita.com\/wp-content\/uploads\/2025\/01\/ob_b169ee_epiphanie-2020.jpg\" alt=\"\" class=\"wp-image-9352\" srcset=\"https:\/\/www.chapelle-sainte-rita.com\/wp-content\/uploads\/2025\/01\/ob_b169ee_epiphanie-2020.jpg 337w, https:\/\/www.chapelle-sainte-rita.com\/wp-content\/uploads\/2025\/01\/ob_b169ee_epiphanie-2020-236x300.jpg 236w\" sizes=\"(max-width: 337px) 100vw, 337px\" \/><\/figure>\n","protected":false},"excerpt":{"rendered":"<p>SERMONE DI SAN PROCLO DI COSTANTINOPOLI PER IL BATTESIMO DI CRISTO &#8220;Luce della luce, o Cristo, sei apparso oggi&#8221;&#8230; Cristo si \u00e8 manifestato al mondo, ha riportato questo mondo al caos, gli ha ridato il suo splendore. Ha assunto il peccato del mondo e ha sconfitto il nemico del mondo. Ha santificato le sorgenti d&#8217;acqua [&hellip;]<\/p>\n","protected":false},"author":1,"featured_media":9346,"comment_status":"closed","ping_status":"open","sticky":false,"template":"","format":"standard","meta":{"footnotes":""},"categories":[82],"tags":[],"class_list":["post-9431","post","type-post","status-publish","format-standard","has-post-thumbnail","hentry","category-formazione"],"_links":{"self":[{"href":"https:\/\/www.chapelle-sainte-rita.com\/it\/wp-json\/wp\/v2\/posts\/9431","targetHints":{"allow":["GET"]}}],"collection":[{"href":"https:\/\/www.chapelle-sainte-rita.com\/it\/wp-json\/wp\/v2\/posts"}],"about":[{"href":"https:\/\/www.chapelle-sainte-rita.com\/it\/wp-json\/wp\/v2\/types\/post"}],"author":[{"embeddable":true,"href":"https:\/\/www.chapelle-sainte-rita.com\/it\/wp-json\/wp\/v2\/users\/1"}],"replies":[{"embeddable":true,"href":"https:\/\/www.chapelle-sainte-rita.com\/it\/wp-json\/wp\/v2\/comments?post=9431"}],"version-history":[{"count":2,"href":"https:\/\/www.chapelle-sainte-rita.com\/it\/wp-json\/wp\/v2\/posts\/9431\/revisions"}],"predecessor-version":[{"id":9532,"href":"https:\/\/www.chapelle-sainte-rita.com\/it\/wp-json\/wp\/v2\/posts\/9431\/revisions\/9532"}],"wp:featuredmedia":[{"embeddable":true,"href":"https:\/\/www.chapelle-sainte-rita.com\/it\/wp-json\/wp\/v2\/media\/9346"}],"wp:attachment":[{"href":"https:\/\/www.chapelle-sainte-rita.com\/it\/wp-json\/wp\/v2\/media?parent=9431"}],"wp:term":[{"taxonomy":"category","embeddable":true,"href":"https:\/\/www.chapelle-sainte-rita.com\/it\/wp-json\/wp\/v2\/categories?post=9431"},{"taxonomy":"post_tag","embeddable":true,"href":"https:\/\/www.chapelle-sainte-rita.com\/it\/wp-json\/wp\/v2\/tags?post=9431"}],"curies":[{"name":"wp","href":"https:\/\/api.w.org\/{rel}","templated":true}]}}